{"@context":"https:\/\/schema.org\/","@type":"CollectionPage","@id":"https:\/\/www.travena.cz\/byznys\/#CollectionPage","headline":"Byznys Category","description":"","url":"https:\/\/www.travena.cz\/byznys\/","hasPart":[{"@type":"Article","@id":"https:\/\/www.travena.cz\/jak-obelstit-satelitni-sledovani\/","headline":"Jak obelst\u00edt satelitn\u00ed sledov\u00e1n\u00ed","url":"https:\/\/www.travena.cz\/jak-obelstit-satelitni-sledovani\/","datePublished":"2020-07-14","dateModified":"2023-06-06","mainEntityOfPage":"https:\/\/www.travena.cz\/jak-obelstit-satelitni-sledovani\/","author":{"@type":"Person","@id":"https:\/\/www.travena.cz\/author\/#Person","name":"","url":"https:\/\/www.travena.cz\/author\/","identifier":1,"image":{"@type":"ImageObject","@id":"https:\/\/secure.gravatar.com\/avatar\/591310831c6f562dead2685065c7bfb166baf64da6e0332ad9d0a2e9c6c14446?s=96&d=mm&r=g","url":"https:\/\/secure.gravatar.com\/avatar\/591310831c6f562dead2685065c7bfb166baf64da6e0332ad9d0a2e9c6c14446?s=96&d=mm&r=g","height":96,"width":96}},"publisher":{"@type":"Organization","name":"travena.cz","logo":{"@type":"ImageObject","@id":"\/logo.png","url":"\/logo.png","width":600,"height":60}},"image":{"@type":"ImageObject","@id":"https:\/\/www.travena.cz\/wp-content\/uploads\/satelit1_3.png","url":"https:\/\/www.travena.cz\/wp-content\/uploads\/satelit1_3.png","height":0,"width":0},"keywords":null},{"@type":"Article","@id":"https:\/\/www.travena.cz\/turistika-na-morave\/","headline":"Turistika na Morav\u011b","url":"https:\/\/www.travena.cz\/turistika-na-morave\/","datePublished":"2020-06-20","dateModified":"2023-12-20","mainEntityOfPage":"https:\/\/www.travena.cz\/turistika-na-morave\/","author":{"@type":"Person","@id":"https:\/\/www.travena.cz\/author\/#Person","name":"","url":"https:\/\/www.travena.cz\/author\/","identifier":1,"image":{"@type":"ImageObject","@id":"https:\/\/secure.gravatar.com\/avatar\/591310831c6f562dead2685065c7bfb166baf64da6e0332ad9d0a2e9c6c14446?s=96&d=mm&r=g","url":"https:\/\/secure.gravatar.com\/avatar\/591310831c6f562dead2685065c7bfb166baf64da6e0332ad9d0a2e9c6c14446?s=96&d=mm&r=g","height":96,"width":96}},"publisher":{"@type":"Organization","name":"travena.cz","logo":{"@type":"ImageObject","@id":"\/logo.png","url":"\/logo.png","width":600,"height":60}},"image":{"@type":"ImageObject","@id":"https:\/\/www.travena.cz\/wp-content\/uploads\/cyklista.jpg","url":"https:\/\/www.travena.cz\/wp-content\/uploads\/cyklista.jpg","height":0,"width":0},"keywords":null},{"@type":"Article","@id":"https:\/\/www.travena.cz\/uz-zadny-stres\/","headline":"U\u017e \u017e\u00e1dn\u00fd stres","url":"https:\/\/www.travena.cz\/uz-zadny-stres\/","datePublished":"2020-05-09","dateModified":"2023-09-01","mainEntityOfPage":"https:\/\/www.travena.cz\/uz-zadny-stres\/","author":{"@type":"Person","@id":"https:\/\/www.travena.cz\/author\/#Person","name":"","url":"https:\/\/www.travena.cz\/author\/","identifier":1,"image":{"@type":"ImageObject","@id":"https:\/\/secure.gravatar.com\/avatar\/591310831c6f562dead2685065c7bfb166baf64da6e0332ad9d0a2e9c6c14446?s=96&d=mm&r=g","url":"https:\/\/secure.gravatar.com\/avatar\/591310831c6f562dead2685065c7bfb166baf64da6e0332ad9d0a2e9c6c14446?s=96&d=mm&r=g","height":96,"width":96}},"publisher":{"@type":"Organization","name":"travena.cz","logo":{"@type":"ImageObject","@id":"\/logo.png","url":"\/logo.png","width":600,"height":60}},"image":{"@type":"ImageObject","@id":"https:\/\/www.travena.cz\/wp-content\/uploads\/pl%C3%A1nov%C3%A1n%C3%AD%20dovolen%C3%A9.jpg","url":"https:\/\/www.travena.cz\/wp-content\/uploads\/pl%C3%A1nov%C3%A1n%C3%AD%20dovolen%C3%A9.jpg","height":0,"width":0},"keywords":null},{"@type":"Article","@id":"https:\/\/www.travena.cz\/pronajem-prostorne-dodavky-vyresi-celou-radu-situaci\/","headline":"Pron\u00e1jem prostorn\u00e9 dod\u00e1vky vy\u0159e\u0161\u00ed celou \u0159adu situac\u00ed","url":"https:\/\/www.travena.cz\/pronajem-prostorne-dodavky-vyresi-celou-radu-situaci\/","datePublished":"2020-04-13","dateModified":"2024-05-06","mainEntityOfPage":"https:\/\/www.travena.cz\/pronajem-prostorne-dodavky-vyresi-celou-radu-situaci\/","author":{"@type":"Person","@id":"https:\/\/www.travena.cz\/author\/#Person","name":"","url":"https:\/\/www.travena.cz\/author\/","identifier":1,"image":{"@type":"ImageObject","@id":"https:\/\/secure.gravatar.com\/avatar\/591310831c6f562dead2685065c7bfb166baf64da6e0332ad9d0a2e9c6c14446?s=96&d=mm&r=g","url":"https:\/\/secure.gravatar.com\/avatar\/591310831c6f562dead2685065c7bfb166baf64da6e0332ad9d0a2e9c6c14446?s=96&d=mm&r=g","height":96,"width":96}},"publisher":{"@type":"Organization","name":"travena.cz","logo":{"@type":"ImageObject","@id":"\/logo.png","url":"\/logo.png","width":600,"height":60}},"image":{"@type":"ImageObject","@id":"https:\/\/www.travena.cz\/wp-content\/uploads\/car-159640_640_1.png","url":"https:\/\/www.travena.cz\/wp-content\/uploads\/car-159640_640_1.png","height":0,"width":0},"keywords":null},{"@type":"Article","@id":"https:\/\/www.travena.cz\/co-je-mediace-a-jake-principy-by-mela-splnovat\/","headline":"Co je mediace a jak\u00e9 principy by m\u011bla spl\u0148ovat?","url":"https:\/\/www.travena.cz\/co-je-mediace-a-jake-principy-by-mela-splnovat\/","datePublished":"2020-04-11","dateModified":"2023-06-06","mainEntityOfPage":"https:\/\/www.travena.cz\/co-je-mediace-a-jake-principy-by-mela-splnovat\/","author":{"@type":"Person","@id":"https:\/\/www.travena.cz\/author\/#Person","name":"","url":"https:\/\/www.travena.cz\/author\/","identifier":1,"image":{"@type":"ImageObject","@id":"https:\/\/secure.gravatar.com\/avatar\/591310831c6f562dead2685065c7bfb166baf64da6e0332ad9d0a2e9c6c14446?s=96&d=mm&r=g","url":"https:\/\/secure.gravatar.com\/avatar\/591310831c6f562dead2685065c7bfb166baf64da6e0332ad9d0a2e9c6c14446?s=96&d=mm&r=g","height":96,"width":96}},"publisher":{"@type":"Organization","name":"travena.cz","logo":{"@type":"ImageObject","@id":"\/logo.png","url":"\/logo.png","width":600,"height":60}},"image":{"@type":"ImageObject","@id":"https:\/\/www.travena.cz\/wp-content\/uploads\/Rozvod%20man%C5%BEel%C5%AF.jpg","url":"https:\/\/www.travena.cz\/wp-content\/uploads\/Rozvod%20man%C5%BEel%C5%AF.jpg","height":0,"width":0},"keywords":null},{"@type":"Article","@id":"https:\/\/www.travena.cz\/stravenky-vs-stravovaci-pausal\/","headline":"Stravenky vs. stravovac\u00ed pau\u0161\u00e1l","url":"https:\/\/www.travena.cz\/stravenky-vs-stravovaci-pausal\/","datePublished":"2019-12-20","dateModified":"2023-06-06","mainEntityOfPage":"https:\/\/www.travena.cz\/stravenky-vs-stravovaci-pausal\/","author":{"@type":"Person","@id":"https:\/\/www.travena.cz\/author\/#Person","name":"","url":"https:\/\/www.travena.cz\/author\/","identifier":1,"image":{"@type":"ImageObject","@id":"https:\/\/secure.gravatar.com\/avatar\/591310831c6f562dead2685065c7bfb166baf64da6e0332ad9d0a2e9c6c14446?s=96&d=mm&r=g","url":"https:\/\/secure.gravatar.com\/avatar\/591310831c6f562dead2685065c7bfb166baf64da6e0332ad9d0a2e9c6c14446?s=96&d=mm&r=g","height":96,"width":96}},"publisher":{"@type":"Organization","name":"travena.cz","logo":{"@type":"ImageObject","@id":"\/logo.png","url":"\/logo.png","width":600,"height":60}},"image":{"@type":"ImageObject","@id":"https:\/\/www.travena.cz\/wp-content\/uploads\/img_a364593_w4371_t1577290202.jpg","url":"https:\/\/www.travena.cz\/wp-content\/uploads\/img_a364593_w4371_t1577290202.jpg","height":0,"width":0},"keywords":null},{"@type":"Article","@id":"https:\/\/www.travena.cz\/vzhuru-do-sedmdesatek\/","headline":"Vzh\u016fru do sedmdes\u00e1tek!","url":"https:\/\/www.travena.cz\/vzhuru-do-sedmdesatek\/","datePublished":"2019-11-13","dateModified":"2023-06-06","mainEntityOfPage":"https:\/\/www.travena.cz\/vzhuru-do-sedmdesatek\/","author":{"@type":"Person","@id":"https:\/\/www.travena.cz\/author\/#Person","name":"","url":"https:\/\/www.travena.cz\/author\/","identifier":1,"image":{"@type":"ImageObject","@id":"https:\/\/secure.gravatar.com\/avatar\/591310831c6f562dead2685065c7bfb166baf64da6e0332ad9d0a2e9c6c14446?s=96&d=mm&r=g","url":"https:\/\/secure.gravatar.com\/avatar\/591310831c6f562dead2685065c7bfb166baf64da6e0332ad9d0a2e9c6c14446?s=96&d=mm&r=g","height":96,"width":96}},"publisher":{"@type":"Organization","name":"travena.cz","logo":{"@type":"ImageObject","@id":"\/logo.png","url":"\/logo.png","width":600,"height":60}},"image":{"@type":"ImageObject","@id":"https:\/\/www.travena.cz\/wp-content\/uploads\/img_a376729_w3884_t1588248136.jpg","url":"https:\/\/www.travena.cz\/wp-content\/uploads\/img_a376729_w3884_t1588248136.jpg","height":0,"width":0},"keywords":null},{"@type":"Article","@id":"https:\/\/www.travena.cz\/doosan-bobcat-u-nas\/","headline":"Doosan Bobcat u n\u00e1s","url":"https:\/\/www.travena.cz\/doosan-bobcat-u-nas\/","datePublished":"2019-10-19","dateModified":"2023-06-06","mainEntityOfPage":"https:\/\/www.travena.cz\/doosan-bobcat-u-nas\/","author":{"@type":"Person","@id":"https:\/\/www.travena.cz\/author\/#Person","name":"","url":"https:\/\/www.travena.cz\/author\/","identifier":1,"image":{"@type":"ImageObject","@id":"https:\/\/secure.gravatar.com\/avatar\/591310831c6f562dead2685065c7bfb166baf64da6e0332ad9d0a2e9c6c14446?s=96&d=mm&r=g","url":"https:\/\/secure.gravatar.com\/avatar\/591310831c6f562dead2685065c7bfb166baf64da6e0332ad9d0a2e9c6c14446?s=96&d=mm&r=g","height":96,"width":96}},"publisher":{"@type":"Organization","name":"travena.cz","logo":{"@type":"ImageObject","@id":"\/logo.png","url":"\/logo.png","width":600,"height":60}},"image":{"@type":"ImageObject","@id":"https:\/\/www.travena.cz\/wp-content\/uploads\/img_a357732_w3884_t1572167243.jpg","url":"https:\/\/www.travena.cz\/wp-content\/uploads\/img_a357732_w3884_t1572167243.jpg","height":0,"width":0},"keywords":null},{"@type":"Article","@id":"https:\/\/www.travena.cz\/jak-rozjet-vlastni-firmu\/","headline":"Jak rozjet vlastn\u00ed firmu","url":"https:\/\/www.travena.cz\/jak-rozjet-vlastni-firmu\/","datePublished":"2019-10-15","dateModified":"2023-06-06","mainEntityOfPage":"https:\/\/www.travena.cz\/jak-rozjet-vlastni-firmu\/","author":{"@type":"Person","@id":"https:\/\/www.travena.cz\/author\/#Person","name":"","url":"https:\/\/www.travena.cz\/author\/","identifier":1,"image":{"@type":"ImageObject","@id":"https:\/\/secure.gravatar.com\/avatar\/591310831c6f562dead2685065c7bfb166baf64da6e0332ad9d0a2e9c6c14446?s=96&d=mm&r=g","url":"https:\/\/secure.gravatar.com\/avatar\/591310831c6f562dead2685065c7bfb166baf64da6e0332ad9d0a2e9c6c14446?s=96&d=mm&r=g","height":96,"width":96}},"publisher":{"@type":"Organization","name":"travena.cz","logo":{"@type":"ImageObject","@id":"\/logo.png","url":"\/logo.png","width":600,"height":60}},"image":{"@type":"ImageObject","@id":"https:\/\/www.travena.cz\/wp-content\/uploads\/img_a357424_w3884_t1572084028.jpg","url":"https:\/\/www.travena.cz\/wp-content\/uploads\/img_a357424_w3884_t1572084028.jpg","height":0,"width":0},"keywords":null},{"@type":"Article","@id":"https:\/\/www.travena.cz\/perfektni-prehled-o-praci\/","headline":"Perfektn\u00ed p\u0159ehled o pr\u00e1ci","url":"https:\/\/www.travena.cz\/perfektni-prehled-o-praci\/","datePublished":"2018-07-16","dateModified":"2023-06-06","mainEntityOfPage":"https:\/\/www.travena.cz\/perfektni-prehled-o-praci\/","author":{"@type":"Person","@id":"https:\/\/www.travena.cz\/author\/#Person","name":"","url":"https:\/\/www.travena.cz\/author\/","identifier":1,"image":{"@type":"ImageObject","@id":"https:\/\/secure.gravatar.com\/avatar\/591310831c6f562dead2685065c7bfb166baf64da6e0332ad9d0a2e9c6c14446?s=96&d=mm&r=g","url":"https:\/\/secure.gravatar.com\/avatar\/591310831c6f562dead2685065c7bfb166baf64da6e0332ad9d0a2e9c6c14446?s=96&d=mm&r=g","height":96,"width":96}},"publisher":{"@type":"Organization","name":"travena.cz","logo":{"@type":"ImageObject","@id":"\/logo.png","url":"\/logo.png","width":600,"height":60}},"image":{"@type":"ImageObject","@id":"https:\/\/www.travena.cz\/wp-content\/uploads\/img_a325205_w2416_t1537074533.jpg","url":"https:\/\/www.travena.cz\/wp-content\/uploads\/img_a325205_w2416_t1537074533.jpg","height":0,"width":0},"keywords":null}]}