[{"@context":"https:\/\/schema.org\/","@type":"Article","@id":"https:\/\/www.travena.cz\/europoslanci-se-asi-jen-tak-odbyt-nenechaji\/#Article","mainEntityOfPage":"https:\/\/www.travena.cz\/europoslanci-se-asi-jen-tak-odbyt-nenechaji\/","headline":"Europoslanci se asi jen tak odb\u00fdt nenechaj\u00ed","name":"Europoslanci se asi jen tak odb\u00fdt nenechaj\u00ed","description":"Delegace europoslanc\u016f, kter\u00e1 nav\u0161t\u00edvila n\u011bkter\u00e9 \u010desk\u00e9 instituce, aby prov\u011b\u0159ila odolnost syst\u00e9mu p\u0159i \u010derp\u00e1n\u00ed dotac\u00ed z\u00a0evropsk\u00fdch struktur\u00e1ln\u00edch fond\u016f, vyvolala hn\u011bvivou reakci potrefen\u00e9ho hus\u00e1ka (lidov\u00fd n\u00e1zev housera, nezam\u011b\u0148ovat s\u00a0b\u00fdval\u00fdm \u010deskoslovensk\u00fdm politikem). Vedouc\u00ed... <a href=\"https:\/\/www.travena.cz\/europoslanci-se-asi-jen-tak-odbyt-nenechaji\/\">P\u0159e\u010d\u00edst<\/a>","datePublished":"2020-03-19","dateModified":"2023-06-06","author":{"@type":"Person","@id":"https:\/\/www.travena.cz\/author\/#Person","name":"","url":"https:\/\/www.travena.cz\/author\/","identifier":1,"image":{"@type":"ImageObject","@id":"https:\/\/secure.gravatar.com\/avatar\/591310831c6f562dead2685065c7bfb166baf64da6e0332ad9d0a2e9c6c14446?s=96&d=mm&r=g","url":"https:\/\/secure.gravatar.com\/avatar\/591310831c6f562dead2685065c7bfb166baf64da6e0332ad9d0a2e9c6c14446?s=96&d=mm&r=g","height":96,"width":96}},"publisher":{"@type":"Organization","name":"travena.cz","logo":{"@type":"ImageObject","@id":"\/logo.png","url":"\/logo.png","width":600,"height":60}},"image":{"@type":"ImageObject","@id":"https:\/\/www.travena.cz\/wp-content\/uploads\/img_a372293_w4233_t1583820214.jpg","url":"https:\/\/www.travena.cz\/wp-content\/uploads\/img_a372293_w4233_t1583820214.jpg","height":0,"width":0},"url":"https:\/\/www.travena.cz\/europoslanci-se-asi-jen-tak-odbyt-nenechaji\/","about":["Politika"],"wordCount":517,"articleBody":"Delegace europoslanc\u016f, kter\u00e1 nav\u0161t\u00edvila n\u011bkter\u00e9 \u010desk\u00e9 instituce, aby prov\u011b\u0159ila odolnost syst\u00e9mu p\u0159i \u010derp\u00e1n\u00ed dotac\u00ed z\u00a0evropsk\u00fdch struktur\u00e1ln\u00edch fond\u016f, vyvolala hn\u011bvivou reakci potrefen\u00e9ho hus\u00e1ka (lidov\u00fd n\u00e1zev housera, nezam\u011b\u0148ovat s\u00a0b\u00fdval\u00fdm \u010deskoslovensk\u00fdm politikem). Vedouc\u00ed delegace N\u011bmku Moniku Holmaierovou ozna\u010dil Andrej Babi\u0161 jako \u201e tot\u00e1ln\u011b pomatenou\u201c a dva \u010desk\u00e9 europoslance Tom\u00e1\u0161e Zdechovsk\u00e9ho a Mikul\u00e1\u0161e Peksu po\u010dastoval p\u0159\u00eddomkem vlastizr\u00e1dce. Setk\u00e1n\u00ed s\u00a0delegac\u00ed r\u00e1zn\u011b odm\u00edtl s\u00a0t\u00edm, \u017ee nefiguruje ve veden\u00ed struktur\u00e1ln\u00edch fond\u016f\u2026\u00a0 Nizozemskou europoslankyni Laru Woltersovou p\u0159ekvapilo, \u017ee premi\u00e9r odm\u00edt\u00e1 a nerespektuje z\u00e1v\u011bry Nejvy\u0161\u0161\u00edho kontroln\u00edho \u00fa\u0159adu. Ze sv\u00e9 mate\u0159sk\u00e9 zem\u011b je patrn\u011b zvykl\u00e1 na n\u011bco jin\u00e9ho. Z\u00a0ostudy kab\u00e1t n\u00e1m p\u0159isoudilo postesknut\u00ed Holmaierov\u00e9, \u017ee n\u011bco podobn\u00e9ho za\u017eila u\u017e jen p\u0159i misi v\u00a0\u0158ecku bezprost\u0159edn\u011b po ekonomick\u00e9 krizi\u2026Podstatn\u00e9 je, \u017ee europoslanci si ud\u011blali n\u00e1sleduj\u00edc\u00ed \u00fasudek: ochrana p\u0159ed st\u0159etem z\u00e1jm\u016f p\u0159i \u010derp\u00e1n\u00ed eurodotac\u00ed je nedostate\u010dn\u00e1 a syst\u00e9m nahr\u00e1v\u00e1 nejv\u011bt\u0161\u00edm podnik\u016fm. Co je v\u016fbec nejhor\u0161\u00ed? \u0160\u00e9fka delegace Holmaierov\u00e1 se domn\u00edv\u00e1, \u017ee se nejedn\u00e1 o n\u00e1hodu, n\u00fdbr\u017e z\u00e1m\u011br. P\u0159esn\u011b toto hl\u00e1\u0161en\u00ed pod\u00e1 skupina v\u00a0evropsk\u00e9m parlamentu. Se\u010dteno a podtr\u017eeno, Babi\u0161ovy arogantn\u00ed v\u00fdk\u0159iky a ur\u00e1\u017eky u\u017e nebudou na obhajobu \u201e\u010desk\u00e9 cesty \u010derp\u00e1n\u00ed eurodotac\u00ed\u201c sta\u010dit.Evropa, \u010cesko nevyj\u00edmaje, je aktu\u00e1ln\u011b vystra\u0161en\u00e1 postupuj\u00edc\u00ed a zd\u00e1 se nezastavitelnou invaz\u00ed koronaviru. To samoz\u0159ejm\u011b nahr\u00e1v\u00e1 Babi\u0161ov\u00fdm sd\u011blovac\u00edm prost\u0159edk\u016fm, (kter\u00e9 dle jeho tvrzen\u00ed nevlastn\u00ed a nijak neovliv\u0148uje) k odvr\u00e1cen\u00ed pozornosti od oligarchy, kolem kter\u00e9ho se pomalu, ale jist\u011b utahuje smy\u010dka. Autor tohoto \u010dl\u00e1nku je nepou\u010diteln\u00fd optimista a v\u011b\u0159\u00ed, \u017ee virus zmiz\u00ed ze sv\u011bta tak n\u00e1hle, jako se objevil. Vzpome\u0148me na SARS\u2026 Babi\u0161ovo p\u016fsoben\u00ed v\u00a0\u010desk\u00e9 politice, u\u017e by m\u011blo b\u00fdt vyhodnoceno. Podobn\u011b, jako to ud\u011blali sloven\u0161t\u00ed voli\u010di s\u00a0jejich vl\u00e1dn\u00ed garniturou. Nejv\u00edc zamyslet by se m\u011bli pr\u00e1v\u011b dosavadn\u00ed voli\u010di dota\u010dn\u00edho m\u00e1ga, je v\u0161eobecn\u011b zn\u00e1mo, z\u00a0jak\u00e9 v\u011bkov\u00e9 kategorie se rekrutuj\u00ed, maj\u00ed dostatek \u017eivotn\u00edch zku\u0161enost\u00ed, proto si jsou jist\u011b dob\u0159e v\u011bdomi, \u017ee jde o budoucnost jejich vnuk\u016f a pravnuk\u016f a co tuto budoucnost ohro\u017euje. Koronavirus to rozhodn\u011b nen\u00ed. \u00a0\u00a0Babi\u0161ovo vl\u00e1dnut\u00ed je v\u00a0polovin\u011b. P\u0159\u00ed\u0161t\u00ed volby n\u00e1s \u010dekaj\u00ed za dva roky. Andreji Babi\u0161ovi p\u016fjde o mnoho. Je si v\u011bdom, \u017ee ztr\u00e1ta moci pro n\u011bj m\u016f\u017ee m\u00edt fat\u00e1ln\u00ed d\u016fsledky. Proto ud\u011bl\u00e1 v\u0161e, aby tuto hrozbu odd\u00e1lil, proto\u017ee odvr\u00e1tit u\u017e ji nem\u016f\u017ee. Z\u00e1v\u011brem trochu \u010dern\u00e9ho humoru. My, kte\u0159\u00ed p\u0159e\u017eijeme koronavirus, bychom v\u00a0p\u0159\u00ed\u0161t\u00edch volb\u00e1ch m\u011bli vz\u00edt rozum do hrsti\u2026 \u00a0                                                                                                                                                                                                                                                                                                                                                                                        3.8\/5 - (11 votes)        "},{"@context":"https:\/\/schema.org\/","@type":"BreadcrumbList","itemListElement":[{"@type":"ListItem","position":1,"name":"Europoslanci se asi jen tak odb\u00fdt nenechaj\u00ed","item":"https:\/\/www.travena.cz\/europoslanci-se-asi-jen-tak-odbyt-nenechaji\/#breadcrumbitem"}]}]