[{"@context":"https:\/\/schema.org\/","@type":"Article","@id":"https:\/\/www.travena.cz\/hledate-pronajem-dodavky-za-bezkonkurencni-ceny\/#Article","mainEntityOfPage":"https:\/\/www.travena.cz\/hledate-pronajem-dodavky-za-bezkonkurencni-ceny\/","headline":"Hled\u00e1te pron\u00e1jem dod\u00e1vky za bezkonkuren\u010dn\u00ed ceny?","name":"Hled\u00e1te pron\u00e1jem dod\u00e1vky za bezkonkuren\u010dn\u00ed ceny?","description":"Jsme r\u00e1di, \u017ee jste na n\u00e1s narazili, proto\u017ee na\u0161e p\u016fj\u010dovna nab\u00edz\u00ed naprosto bezkonkuren\u010dn\u00ed ceny pro pron\u00e1jem a p\u016fj\u010den\u00ed snad v\u0161ech r\u016fzn\u00fdch druh\u016f dod\u00e1vek, kter\u00e9 si jen m\u016f\u017eete p\u0159\u00e1t. T\u0159eba nap\u0159\u00edklad... <a href=\"https:\/\/www.travena.cz\/hledate-pronajem-dodavky-za-bezkonkurencni-ceny\/\">P\u0159e\u010d\u00edst<\/a>","datePublished":"2019-08-26","dateModified":"2019-08-26","author":{"@type":"Person","@id":"https:\/\/www.travena.cz\/author\/#Person","name":"","url":"https:\/\/www.travena.cz\/author\/","identifier":1,"image":{"@type":"ImageObject","@id":"https:\/\/secure.gravatar.com\/avatar\/591310831c6f562dead2685065c7bfb166baf64da6e0332ad9d0a2e9c6c14446?s=96&d=mm&r=g","url":"https:\/\/secure.gravatar.com\/avatar\/591310831c6f562dead2685065c7bfb166baf64da6e0332ad9d0a2e9c6c14446?s=96&d=mm&r=g","height":96,"width":96}},"publisher":{"@type":"Organization","name":"travena.cz","logo":{"@type":"ImageObject","@id":"\/logo.png","url":"\/logo.png","width":600,"height":60}},"image":{"@type":"ImageObject","@id":"https:\/\/www.travena.cz\/wp-content\/uploads\/img_a358412_w1761_t1572611809.jpg","url":"https:\/\/www.travena.cz\/wp-content\/uploads\/img_a358412_w1761_t1572611809.jpg","height":0,"width":0},"url":"https:\/\/www.travena.cz\/hledate-pronajem-dodavky-za-bezkonkurencni-ceny\/","about":["Nakupov\u00e1n\u00ed"],"wordCount":444,"articleBody":"      Jsme r\u00e1di, \u017ee jste na n\u00e1s narazili, proto\u017ee na\u0161e p\u016fj\u010dovna nab\u00edz\u00ed naprosto bezkonkuren\u010dn\u00ed ceny pro pron\u00e1jem a p\u016fj\u010den\u00ed snad v\u0161ech r\u016fzn\u00fdch druh\u016f dod\u00e1vek, kter\u00e9 si jen m\u016f\u017eete p\u0159\u00e1t. T\u0159eba nap\u0159\u00edklad pr\u00e1v\u011b Citro\u00ebn Jumper 2.2 Pardubice RentCarService.cz, to je ide\u00e1ln\u00ed v\u016fz na kteroukoliv situaci a za tak n\u00edzk\u00e9 ceny za den, \u017ee si p\u016fj\u010d\u00edte hned dv\u011b, i kdy\u017e je ani nepot\u0159ebujete, jenom abyste se nec\u00edtili tak \u0161patn\u011b! Pokud si dod\u00e1vku p\u016fj\u010d\u00edte na jeden den, zaplat\u00edte pouze osmn\u00e1ct set korun, co\u017e je opravdu za pakatel. A pozor, jde to je\u0161t\u011b n\u00ed\u017e! Pokud si po\u0159\u00edd\u00edte jednu z na\u0161ich dod\u00e1vek, t\u0159eba pr\u00e1v\u011b Citroen Jumper 2.2 Pardubice na v\u00edcero dn\u00ed, cena jde dol\u016f nejen o dv\u011b stovky, ale tak\u00e9 o t\u0159i stovky, tak\u017ee se klidn\u011b m\u016f\u017eete dostat a\u017e na tis\u00edc korun za den a to je opravdu cena, za kterou by n\u011bkdo i zabil. Samoz\u0159ejm\u011b tyto ceny jsou s denn\u00edm limitem do p\u011bti set kilometr\u016f. Ale ani p\u0159es\u00e1hnut\u00ed tohoto limitu nen\u00ed v\u016fbec \u017e\u00e1dn\u00fd probl\u00e9m. Pro\u010d se vlastn\u011b omezovat, kdy\u017e m\u016f\u017eete jet \u201eneomezen\u011b\u201c? I pro n\u00e1ro\u010dn\u00e9 z\u00e1kazn\u00edky, kte\u0159\u00ed pot\u0159ebuj\u00ed opravdu jezdit po cel\u00e9 \u010cesk\u00e9 republice, nab\u00edz\u00edme bezkonkuren\u010dn\u00ed ceny, kter\u00e9 se vyplat\u00ed nejen mal\u00fdm \u017eivnostn\u00edk\u016fm a podnikatel\u016fm, ale velk\u00fdm firm\u00e1m \u010di podnik\u016fm a dokonce i soukrom\u00fdm fyzick\u00fdm osob\u00e1m, kter\u00e9 by pot\u0159ebovaly pronajmout tento n\u00e1dhern\u00fd v\u016fz, t\u0159eba pr\u00e1v\u011b na st\u011bhov\u00e1n\u00ed \u010di p\u0159ev\u00e1\u017een\u00ed n\u00e1bytku. V\u0161echno tohle je na dosah ruky. Ov\u0161em tady to nekon\u010d\u00ed, v\u0161echno nen\u00ed jenom o pen\u011bz\u00edch, \u017ee ano? P\u0159esn\u011b proto k tomu v\u0161emu nab\u00edz\u00edme je\u0161t\u011b na\u0161e skv\u011bl\u00e9 slu\u017eby, dostupnost a hlavn\u011b vst\u0159\u00edcnost v\u016f\u010di z\u00e1kazn\u00edkov\u00fdm pot\u0159eb\u00e1m a po\u017eadavk\u016fm, co\u017e z n\u00e1s \u010din\u00ed jedny z nejlep\u0161\u00edch na cel\u00e9m \u010desk\u00e9m trhu, nebo pokud je to p\u0159\u00edli\u0161 ambici\u00f3zn\u00ed, minim\u00e1ln\u011b v Pardubic\u00edch, kde si m\u016f\u017eete v\u0161echny na\u0161e skv\u011bl\u00e9 vozy pronajmout za v\u00fd\u0161e zm\u00edn\u011bn\u00e9 ceny. P\u0159ipojte se ke stovk\u00e1m spokojen\u00fdch a st\u00e1l\u00fdch z\u00e1kazn\u00edk\u016f a vyzkou\u0161ejte na\u0161e slu\u017eby a dod\u00e1vky je\u0161t\u011b dnes! Nezapome\u0148te tak\u00e9 na speci\u00e1ln\u00ed v\u00edkendov\u00e9 sazby, kter\u00e9 se opravdu vyplat\u00ed.                                                                                                                                                                                                                                                                                                                                                                                          4.5\/5 - (4 votes)        "},{"@context":"https:\/\/schema.org\/","@type":"BreadcrumbList","itemListElement":[{"@type":"ListItem","position":1,"name":"Hled\u00e1te pron\u00e1jem dod\u00e1vky za bezkonkuren\u010dn\u00ed ceny?","item":"https:\/\/www.travena.cz\/hledate-pronajem-dodavky-za-bezkonkurencni-ceny\/#breadcrumbitem"}]}]