[{"@context":"https:\/\/schema.org\/","@type":"Article","@id":"https:\/\/www.travena.cz\/jak-to-vlastne-vsechno-je\/#Article","mainEntityOfPage":"https:\/\/www.travena.cz\/jak-to-vlastne-vsechno-je\/","headline":"Jak to vlastn\u011b v\u0161echno je","name":"Jak to vlastn\u011b v\u0161echno je","description":"Zam\u011bstn\u00e1n\u00ed \u010di podnik\u00e1n\u00ed? To je dilema, kter\u00e9 jist\u011b mnoho lid\u00ed \u0159e\u0161\u00ed. Podnik\u00e1n\u00ed n\u00e1m poskytuje jedine\u010dnou m\u00edru svobody, ov\u0161em na druh\u00e9 stran\u011b logicky vyv\u00e1\u017eenou zodpov\u011bdnost\u00ed. Co neud\u011bl\u00e1me \u010di neza\u0159\u00edd\u00edme, to nem\u00e1me.... <a href=\"https:\/\/www.travena.cz\/jak-to-vlastne-vsechno-je\/\">P\u0159e\u010d\u00edst<\/a>","datePublished":"2023-06-19","dateModified":"2024-06-24","author":{"@type":"Person","@id":"https:\/\/www.travena.cz\/author\/#Person","name":"","url":"https:\/\/www.travena.cz\/author\/","identifier":1,"image":{"@type":"ImageObject","@id":"https:\/\/secure.gravatar.com\/avatar\/591310831c6f562dead2685065c7bfb166baf64da6e0332ad9d0a2e9c6c14446?s=96&d=mm&r=g","url":"https:\/\/secure.gravatar.com\/avatar\/591310831c6f562dead2685065c7bfb166baf64da6e0332ad9d0a2e9c6c14446?s=96&d=mm&r=g","height":96,"width":96}},"publisher":{"@type":"Organization","name":"travena.cz","logo":{"@type":"ImageObject","@id":"\/logo.png","url":"\/logo.png","width":600,"height":60}},"url":"https:\/\/www.travena.cz\/jak-to-vlastne-vsechno-je\/","wordCount":262,"articleBody":"Zam\u011bstn\u00e1n\u00ed \u010di podnik\u00e1n\u00ed? To je dilema, kter\u00e9 jist\u011b mnoho lid\u00ed \u0159e\u0161\u00ed. Podnik\u00e1n\u00ed n\u00e1m poskytuje jedine\u010dnou m\u00edru svobody, ov\u0161em na druh\u00e9 stran\u011b logicky vyv\u00e1\u017eenou zodpov\u011bdnost\u00ed. Co neud\u011bl\u00e1me \u010di neza\u0159\u00edd\u00edme, to nem\u00e1me. Zam\u011bstn\u00e1n\u00ed n\u00e1m sk\u00fdt\u00e1 \u0159adu jistot, nicm\u00e9n\u011b jsme z\u00e1visl\u00ed na tom, zda se \u0161\u00e9fovi na\u0161e pr\u00e1ce l\u00edb\u00ed \u010di ne, by\u0165 my ji d\u011bl\u00e1me s t\u00edm nejlep\u0161\u00edm p\u0159esv\u011bd\u010den\u00edm, on m\u016f\u017ee m\u00edt n\u00e1zor opa\u010dn\u00fd a ten jist\u011b bude z\u00e1vazn\u00fd. Pokud m\u00e1te dobr\u00fd n\u00e1pad, pro\u010d je\u0161t\u011b v\u00e1h\u00e1te? Pro\u010d nezkus\u00edte \u017e\u00edt na vlastn\u00ed p\u011bst a kone\u010dn\u011b d\u00e1t vale \u0161\u00e9fovi, s kter\u00fdm jste si do noty zrovna nek\u00e1pli?Nebojte se \u010d\u00edselPokud je d\u016fvodem k Va\u0161im obav\u00e1m veden\u00ed \u00fa\u010detnictv\u00ed Praha, jedn\u00e1n\u00ed s rozli\u010dn\u00fdmi \u00fa\u0159ady jako nap\u0159\u00edklad zdravotn\u00ed poji\u0161\u0165ovna, finan\u010dn\u00ed \u00fa\u0159ad, \u017eivnostensk\u00fd \u00fa\u0159ad a dal\u0161\u00ed, pak je pro V\u00e1s jist\u011b dobrou zpr\u00e1vou, \u017ee na\u0161e firma je V\u00e1m v tomto ohledu pln\u011b k dispozici. Za\u0159\u00edd\u00edme v\u0161e tak, aby ve\u0161ker\u00e1 Va\u0161e da\u0148ov\u00e1 p\u0159izn\u00e1n\u00ed a dal\u0161\u00ed n\u00e1le\u017eitosti byly v naprost\u00e9m po\u0159\u00e1dku, za\u0159\u00edd\u00edme pro V\u00e1s jedn\u00e1n\u00ed s \u00fa\u0159ady, kdy pracovn\u00edci nejsou zrovna sd\u00edln\u00ed. Na V\u00e1s bude jen dodat podklady a pak s m\u016f\u017eete v\u011bnovat v klidu sv\u00e9 pr\u00e1ci.                                                                                                                                                                                                                                                                                                                                                                                        4.5\/5 - (10 votes)        "},{"@context":"https:\/\/schema.org\/","@type":"BreadcrumbList","itemListElement":[{"@type":"ListItem","position":1,"name":"Jak to vlastn\u011b v\u0161echno je","item":"https:\/\/www.travena.cz\/jak-to-vlastne-vsechno-je\/#breadcrumbitem"}]}]