[{"@context":"https:\/\/schema.org\/","@type":"Article","@id":"https:\/\/www.travena.cz\/je-sklo-moderni\/#Article","mainEntityOfPage":"https:\/\/www.travena.cz\/je-sklo-moderni\/","headline":"Je sklo modern\u00ed?","name":"Je sklo modern\u00ed?","description":"Nedejte se zm\u00e1st perexem a nadpisem. Rozhodn\u011b nebude \u0159e\u010d o sklen\u011bn\u00e9m kuchy\u0148sk\u00e9m n\u00e1dob\u00ed. Sp\u00ed\u0161e zde bude n\u00e1hled na sklo, jako stavebn\u00ed materi\u00e1l. Jist\u011b jste si pov\u0161imli, \u017ee se jej za\u010d\u00edn\u00e1... <a href=\"https:\/\/www.travena.cz\/je-sklo-moderni\/\">P\u0159e\u010d\u00edst<\/a>","datePublished":"2024-03-15","dateModified":"2024-04-16","author":{"@type":"Person","@id":"https:\/\/www.travena.cz\/author\/#Person","name":"","url":"https:\/\/www.travena.cz\/author\/","identifier":1,"image":{"@type":"ImageObject","@id":"https:\/\/secure.gravatar.com\/avatar\/591310831c6f562dead2685065c7bfb166baf64da6e0332ad9d0a2e9c6c14446?s=96&d=mm&r=g","url":"https:\/\/secure.gravatar.com\/avatar\/591310831c6f562dead2685065c7bfb166baf64da6e0332ad9d0a2e9c6c14446?s=96&d=mm&r=g","height":96,"width":96}},"publisher":{"@type":"Organization","name":"travena.cz","logo":{"@type":"ImageObject","@id":"\/logo.png","url":"\/logo.png","width":600,"height":60}},"image":{"@type":"ImageObject","@id":"https:\/\/www.travena.cz\/wp-content\/uploads\/bridge-7401548_640.jpg","url":"https:\/\/www.travena.cz\/wp-content\/uploads\/bridge-7401548_640.jpg","height":0,"width":0},"url":"https:\/\/www.travena.cz\/je-sklo-moderni\/","about":["Nakupov\u00e1n\u00ed"],"wordCount":422,"articleBody":"      Nedejte se zm\u00e1st perexem a nadpisem. Rozhodn\u011b nebude \u0159e\u010d o sklen\u011bn\u00e9m kuchy\u0148sk\u00e9m n\u00e1dob\u00ed. Sp\u00ed\u0161e zde bude n\u00e1hled na sklo, jako stavebn\u00ed materi\u00e1l. Jist\u011b jste si pov\u0161imli, \u017ee se jej za\u010d\u00edn\u00e1 pou\u017e\u00edvat st\u00e1le v\u00edce a v\u00edce. No, nen\u00ed se co divit, modern\u00ed design to vy\u017eaduje. A tak se s t\u00edmto materi\u00e1lem setk\u00e1v\u00e1me naprosto kdekoli. A a\u010dkoli se to zd\u00e1 neuv\u011b\u0159iteln\u00e9, tak nap\u0159\u00edklad u z\u00e1bradl\u00ed. Je jedno zda na schodech nebo balkonech. Pou\u017e\u00edv\u00e1 se u oboj\u00edho a je dlu\u017eno uznat, \u017ee p\u016fsob\u00ed velice dobr\u00fdm dojmem. Setk\u00e1me se s n\u00edm jak ve ve\u0159ejn\u00fdch budov\u00e1ch, tak i v soukrom\u00fdch bytech. Je prost\u011b skoro v\u0161ude.Pokud si budete d\u00e1vat do pr\u00e1v\u011b stav\u011bn\u00e9ho domu schody, tedy jako \u017ee to bude d\u016fm patrov\u00fd, jist\u011b se na sklen\u011bn\u00e9 z\u00e1bradl\u00ed informujte. A klidn\u011b jej m\u016f\u017eete m\u00edt stejn\u00e9, jako bude na balkon\u011b, pokud tam n\u011bjak\u00fd bude. Ono bude stejn\u00e9 asi jen vzhledov\u011b, proto\u017ee pro venkovn\u00ed z\u00e1bradl\u00ed budou asi jin\u00e9 normy, kter\u00e9 je nutno p\u0159i stavb\u011b dodr\u017eet, ale to by nikdo nem\u011bl poznat. Mus\u00edte ov\u0161em vyb\u00edrat velmi uv\u00e1\u017eliv\u011b.Z\u00e1bradl\u00ed nen\u00ed jen tak n\u011bco, \u010deho se dr\u017e\u00edte abyste neupadli. Vid\u011bl jsem spoustu p\u00e1d\u016f i tam, kde z\u00e1bradl\u00ed bylo a zcela jist\u011b spl\u0148ovalo ve\u0161ker\u00e9 n\u00e1le\u017eitosti dan\u00e9 nap\u0159\u00edklad stavebn\u00edm z\u00e1konem. Nebo na\u0159\u00edzeno EU.Jako prvn\u00ed krit\u00e9rium jist\u011b bude l\u00edbiv\u00fd design. V p\u0159\u00edpad\u011b skla je to pom\u011brn\u011b jednoduch\u00e9, neb tento materi\u00e1l snad ani nem\u016f\u017ee b\u00fdt nehezk\u00fd. Jist\u011b snad jen v kombinaci s rezav\u00fdm \u017eelezem. Ale jinak nap\u0159\u00edklad se d\u0159evem jde ur\u010dit\u011b o modern\u00ed a hezkou v\u011bc.Ostatn\u011b se m\u016f\u017eete rozhl\u00e9dnou kolem sebe a pozn\u00e1te, \u017ee je to vskutku neodolateln\u00e9. Ov\u0161em samoz\u0159ejm\u011b, \u017ee v\u00fdb\u011br z\u00e1vis\u00ed jen od v\u00e1s a jen vy si ur\u010d\u00edte, s \u010d\u00edm sklo zkombinujete a zda v\u016fbec. Myslete tak\u00e9 na to, \u017ee se o to budete mo\u017en\u00e1 op\u00edrat, berte v \u00favahu d\u011bti a tak\u00e9 mo\u017en\u00e9 zne\u010di\u0161t\u011bn\u00ed. Ve v\u00fdsledku se pak za\u010dn\u011bte rozhodovat a rozhodn\u011b si nechejte uk\u00e1zat n\u011bjak\u00e9 n\u00e1vrhy od toho, kdo v\u00e1m to bude d\u011blat.                                                                                                                                                                                                                                                                                                                                                                                          4.2\/5 - (6 votes)        "},{"@context":"https:\/\/schema.org\/","@type":"BreadcrumbList","itemListElement":[{"@type":"ListItem","position":1,"name":"Je sklo modern\u00ed?","item":"https:\/\/www.travena.cz\/je-sklo-moderni\/#breadcrumbitem"}]}]