[{"@context":"https:\/\/schema.org\/","@type":"Article","@id":"https:\/\/www.travena.cz\/letni-prazdniny\/#Article","mainEntityOfPage":"https:\/\/www.travena.cz\/letni-prazdniny\/","headline":"Letn\u00ed pr\u00e1zdniny","name":"Letn\u00ed pr\u00e1zdniny","description":"Mnoz\u00ed lid\u00e9 nepat\u0159\u00ed k t\u011bm, kte\u0159\u00ed si na sv\u00e9 zahrad\u011b mohou dovolit baz\u00e9n. Proto\u017ee nejenom jeho po\u0159\u00edzen\u00ed, ale hlavn\u011b i ro\u010dn\u00ed \u00fadr\u017eba stoj\u00ed dost pen\u011bz. Posledn\u00ed roky n\u00e1s v l\u00e9t\u011b... <a href=\"https:\/\/www.travena.cz\/letni-prazdniny\/\">P\u0159e\u010d\u00edst<\/a>","datePublished":"2023-06-06","dateModified":"2023-06-06","author":{"@type":"Person","@id":"https:\/\/www.travena.cz\/author\/#Person","name":"","url":"https:\/\/www.travena.cz\/author\/","identifier":1,"image":{"@type":"ImageObject","@id":"https:\/\/secure.gravatar.com\/avatar\/591310831c6f562dead2685065c7bfb166baf64da6e0332ad9d0a2e9c6c14446?s=96&d=mm&r=g","url":"https:\/\/secure.gravatar.com\/avatar\/591310831c6f562dead2685065c7bfb166baf64da6e0332ad9d0a2e9c6c14446?s=96&d=mm&r=g","height":96,"width":96}},"publisher":{"@type":"Organization","name":"travena.cz","logo":{"@type":"ImageObject","@id":"\/logo.png","url":"\/logo.png","width":600,"height":60}},"image":{"@type":"ImageObject","@id":"https:\/\/www.travena.cz\/wp-content\/uploads\/img_a310387_w2230_t1521320665.jpg","url":"https:\/\/www.travena.cz\/wp-content\/uploads\/img_a310387_w2230_t1521320665.jpg","height":0,"width":0},"url":"https:\/\/www.travena.cz\/letni-prazdniny\/","wordCount":559,"articleBody":"Mnoz\u00ed lid\u00e9 nepat\u0159\u00ed k t\u011bm, kte\u0159\u00ed si na sv\u00e9 zahrad\u011b mohou dovolit baz\u00e9n. Proto\u017ee nejenom jeho po\u0159\u00edzen\u00ed, ale hlavn\u011b i ro\u010dn\u00ed \u00fadr\u017eba stoj\u00ed dost pen\u011bz. Posledn\u00ed roky n\u00e1s v l\u00e9t\u011b dost tr\u00e1p\u00ed vysok\u00e9 teploty. A v\u0161ichni si uv\u011bdomujeme, \u017ee osv\u011b\u017een\u00ed vodou je v hork\u00e9m l\u00e9t\u011b nutnost. Ti, kte\u0159\u00ed bydl\u00ed nap\u0159\u00edklad v mal\u00fdch obc\u00edch nebo na vesnici, maj\u00ed koupali\u0161t\u011b t\u0159eba moc daleko.  Chv\u00edle pro\u017eit\u00e9 u babi\u010dky a d\u011bde\u010dka v\u011bt\u0161inou pat\u0159ily a pat\u0159\u00ed k t\u011bm kr\u00e1sn\u00fdm. Ur\u010dit\u011b mnoz\u00ed z v\u00e1s, kdy\u017e byli v d\u011btsk\u00e9m v\u011bku, na takov\u00e9 pr\u00e1zdniny vzpom\u00ednaj\u00ed r\u00e1di. Jist\u011b, u\u017e\u00edt si co nejv\u00edce vody www.piksla.cz\/krasne-prostredi-a-vune-kvetin, pohody, volnosti, v\u00fdlet\u016f, to si p\u0159eje ka\u017ed\u00fd. Pr\u00e1zdniny, kdy d\u011bti maj\u00ed tolik voln\u00e9ho \u010dasu, to snad mnoh\u00fdm rodi\u010d\u016fm d\u011bl\u00e1 starosti i dnes. A babi\u010dky a d\u011bdov\u00e9 se s nimi ur\u010dit\u011b r\u00e1di n\u011bjak\u00fd \u010das pot\u011b\u0161\u00ed. Zvl\u00e1\u0161\u0165, pokud bydl\u00ed na venkov\u011b a mlad\u00ed \u017eij\u00ed ve m\u011bst\u011b. Tak to bylo, a snad i v budoucnosti bude d\u00e1l. B\u00fdt babi\u010dkou a d\u011bde\u010dkem, ke kter\u00fdm se d\u011bti nejenom o pr\u00e1zdnin\u00e1ch t\u011b\u0161\u00ed, je um\u011bn\u00ed. A pro sv\u00e1 vnou\u010data ud\u011blaj\u00ed v\u0161e, aby byli spokojen\u00e9 a \u0161\u0165astn\u00e9. Pokud jsou \u0161ikovn\u00ed, maj\u00ed zahradu nebo i malou zahr\u00e1dku, kter\u00e1 je pln\u00e1 kv\u011btin, bylinek a zeleninov\u00fdch z\u00e1honk\u016f, tak ur\u010dit\u011b najdou mal\u00fd prostor, kter\u00fd vyu\u017eij\u00ed na osv\u011b\u017een\u00ed sprchou nebo i v plechov\u00e9 van\u011b. Tato mo\u017enost nejenom pro n\u011b samotn\u00e9, ale i pro d\u011bti bude p\u0159\u00edjemn\u00e9 osv\u011b\u017een\u00ed.Sprcha v zahrad\u011b sta\u010d\u00ed.Upravit v zahrad\u011b kout se sprchou nemus\u00ed b\u00fdt n\u00e1ro\u010dn\u00e9. Je tu v\u00edce mo\u017enost\u00ed a nemus\u00ed to naru\u0161it v\u00e1\u0161 rozpo\u010det. Od zav\u011b\u0161en\u00e9 konve na vodu na strom\u011b, oby\u010dejn\u00e9 sprchov\u00e9 hlavice p\u0159ipevn\u011bn\u00e9 na trubku, kter\u00e1 bude dostate\u010dnou v\u00fd\u0161ku, p\u0159id\u011blan\u00fd kohoutek a ve spodn\u00ed \u010d\u00e1sti vytvo\u0159en\u00fd otvor pro p\u0159\u00edvod vody z hadice. Cel\u00e9 se to m\u016f\u017ee ukotvit na pevnou konstrukci. Pokud je n\u011bkdo \u0161ikovn\u00fd, pou\u017eije takov\u00fd materi\u00e1l, aby sprcha vydr\u017eela i p\u00e1r let.  Ne\u017e se pro tento zp\u016fsob osv\u011b\u017een\u00ed rozhodnete, m\u011bli byste v\u011bd\u011bt, odkud p\u0159ivedete do sprchy vodu. Pot\u00e9 je d\u016fle\u017eit\u00e9 vy\u0159e\u0161it i \u201epodlahu\u201c pod sprchou. Jenom tr\u00e1vn\u00edk pod sprchou nen\u00ed dobr\u00e9 \u0159e\u0161en\u00ed. Voda se hned nevs\u00e1kne. Ide\u00e1ln\u00ed je vyhloubit n\u011bkolik centimetr\u016f \u010dtverec nebo obd\u00e9ln\u00edk, kter\u00fd se vysype obl\u00e1zky a bude p\u016fsobit jako dren\u00e1\u017e. Na ni um\u00edst\u00edte vyv\u00fd\u0161enou d\u0159ev\u011bnou paletu, kterou si m\u016f\u017eete zhotovit i sami.   Sol\u00e1rn\u00edsprchy s p\u0159\u00edpojkami na vodu i integrovan\u00fdmi sprchami jsou dnes k dost\u00e1n\u00ed v mnoha obchodech. Jsou velmi jednoduch\u00e9 ohledn\u011b mont\u00e1\u017ee.Pohybuj\u00ed se v cen\u011b od 1800,-K\u010d do 7600,-K\u010d. Podle toho, jak maj\u00ed litrovou n\u00e1dr\u017e. Objem n\u00e1dr\u017ee m\u016f\u017ee b\u00fdt 9 l a\u017e 35 l vody. I bez baz\u00e9nu se m\u016f\u017eete v hork\u00fdch letn\u00edch dnech dosytnosti osv\u011b\u017eit.                                                                                                                                                                                                                                                                                                                                                                                        4.3\/5 - (10 votes)        "},{"@context":"https:\/\/schema.org\/","@type":"BreadcrumbList","itemListElement":[{"@type":"ListItem","position":1,"name":"Letn\u00ed pr\u00e1zdniny","item":"https:\/\/www.travena.cz\/letni-prazdniny\/#breadcrumbitem"}]}]