[{"@context":"https:\/\/schema.org\/","@type":"Blog","@id":"https:\/\/www.travena.cz#Blog","headline":"Travena","description":"\nNev\u00edte, kam se obr\u00e1tit se sv\u00fdm tr\u00e1pen\u00edm, a proto trp\u00edte sami? Nem\u00e1te d\u016fvod v\u00a0tom pokra\u010dovat. Na\u0161li jste n\u00e1s a my v\u00e1s v\u00a0tom ur\u010dit\u011b nenech\u00e1me.","url":"https:\/\/www.travena.cz","hasPart":[{"@type":"Article","@id":"https:\/\/www.travena.cz\/stravenky-vs-stravovaci-pausal\/","headline":"Stravenky vs. stravovac\u00ed pau\u0161\u00e1l","url":"https:\/\/www.travena.cz\/stravenky-vs-stravovaci-pausal\/","datePublished":"2019-12-20","dateModified":"2023-06-06","mainEntityOfPage":"https:\/\/www.travena.cz\/stravenky-vs-stravovaci-pausal\/","author":{"@type":"Person","@id":"https:\/\/www.travena.cz\/author\/#Person","name":"","url":"https:\/\/www.travena.cz\/author\/","identifier":1,"image":{"@type":"ImageObject","@id":"https:\/\/secure.gravatar.com\/avatar\/591310831c6f562dead2685065c7bfb166baf64da6e0332ad9d0a2e9c6c14446?s=96&d=mm&r=g","url":"https:\/\/secure.gravatar.com\/avatar\/591310831c6f562dead2685065c7bfb166baf64da6e0332ad9d0a2e9c6c14446?s=96&d=mm&r=g","height":96,"width":96}},"publisher":{"@type":"Organization","name":"travena.cz","logo":{"@type":"ImageObject","@id":"\/logo.png","url":"\/logo.png","width":600,"height":60}},"image":{"@type":"ImageObject","@id":"https:\/\/www.travena.cz\/wp-content\/uploads\/img_a364593_w4371_t1577290202.jpg","url":"https:\/\/www.travena.cz\/wp-content\/uploads\/img_a364593_w4371_t1577290202.jpg","height":0,"width":0},"wordCount":4400,"keywords":null},{"@type":"Article","@id":"https:\/\/www.travena.cz\/penzijni-pripojisteni-i-kdyz-je-do-duchodu-daleko\/","headline":"Penzijn\u00ed p\u0159ipoji\u0161t\u011bn\u00ed, i kdy\u017e je do d\u016fchodu daleko","url":"https:\/\/www.travena.cz\/penzijni-pripojisteni-i-kdyz-je-do-duchodu-daleko\/","datePublished":"2019-11-26","dateModified":"2023-06-06","mainEntityOfPage":"https:\/\/www.travena.cz\/penzijni-pripojisteni-i-kdyz-je-do-duchodu-daleko\/","author":{"@type":"Person","@id":"https:\/\/www.travena.cz\/author\/#Person","name":"","url":"https:\/\/www.travena.cz\/author\/","identifier":1,"image":{"@type":"ImageObject","@id":"https:\/\/secure.gravatar.com\/avatar\/591310831c6f562dead2685065c7bfb166baf64da6e0332ad9d0a2e9c6c14446?s=96&d=mm&r=g","url":"https:\/\/secure.gravatar.com\/avatar\/591310831c6f562dead2685065c7bfb166baf64da6e0332ad9d0a2e9c6c14446?s=96&d=mm&r=g","height":96,"width":96}},"publisher":{"@type":"Organization","name":"travena.cz","logo":{"@type":"ImageObject","@id":"\/logo.png","url":"\/logo.png","width":600,"height":60}},"image":{"@type":"ImageObject","@id":"https:\/\/www.travena.cz\/wp-content\/uploads\/img_a359352_w3884_t1573369671.jpg","url":"https:\/\/www.travena.cz\/wp-content\/uploads\/img_a359352_w3884_t1573369671.jpg","height":0,"width":0},"wordCount":580,"keywords":null},{"@type":"Article","@id":"https:\/\/www.travena.cz\/venku-to-zacina\/","headline":"Venku to za\u010d\u00edn\u00e1","url":"https:\/\/www.travena.cz\/venku-to-zacina\/","datePublished":"2019-11-25","dateModified":"2023-06-06","mainEntityOfPage":"https:\/\/www.travena.cz\/venku-to-zacina\/","author":{"@type":"Person","@id":"https:\/\/www.travena.cz\/author\/#Person","name":"","url":"https:\/\/www.travena.cz\/author\/","identifier":1,"image":{"@type":"ImageObject","@id":"https:\/\/secure.gravatar.com\/avatar\/591310831c6f562dead2685065c7bfb166baf64da6e0332ad9d0a2e9c6c14446?s=96&d=mm&r=g","url":"https:\/\/secure.gravatar.com\/avatar\/591310831c6f562dead2685065c7bfb166baf64da6e0332ad9d0a2e9c6c14446?s=96&d=mm&r=g","height":96,"width":96}},"publisher":{"@type":"Organization","name":"travena.cz","logo":{"@type":"ImageObject","@id":"\/logo.png","url":"\/logo.png","width":600,"height":60}},"image":{"@type":"ImageObject","@id":"https:\/\/www.travena.cz\/wp-content\/uploads\/img_a361031_w3884_t1574525670.jpg","url":"https:\/\/www.travena.cz\/wp-content\/uploads\/img_a361031_w3884_t1574525670.jpg","height":0,"width":0},"wordCount":4467,"keywords":null},{"@type":"Article","@id":"https:\/\/www.travena.cz\/predvanocni-maraton\/","headline":"P\u0159edv\u00e1no\u010dn\u00ed maraton","url":"https:\/\/www.travena.cz\/predvanocni-maraton\/","datePublished":"2019-11-23","dateModified":"2023-06-06","mainEntityOfPage":"https:\/\/www.travena.cz\/predvanocni-maraton\/","author":{"@type":"Person","@id":"https:\/\/www.travena.cz\/author\/#Person","name":"","url":"https:\/\/www.travena.cz\/author\/","identifier":1,"image":{"@type":"ImageObject","@id":"https:\/\/secure.gravatar.com\/avatar\/591310831c6f562dead2685065c7bfb166baf64da6e0332ad9d0a2e9c6c14446?s=96&d=mm&r=g","url":"https:\/\/secure.gravatar.com\/avatar\/591310831c6f562dead2685065c7bfb166baf64da6e0332ad9d0a2e9c6c14446?s=96&d=mm&r=g","height":96,"width":96}},"publisher":{"@type":"Organization","name":"travena.cz","logo":{"@type":"ImageObject","@id":"\/logo.png","url":"\/logo.png","width":600,"height":60}},"image":{"@type":"ImageObject","@id":"https:\/\/www.travena.cz\/wp-content\/uploads\/img_a359199_w3884_t1573306914.jpg","url":"https:\/\/www.travena.cz\/wp-content\/uploads\/img_a359199_w3884_t1573306914.jpg","height":0,"width":0},"wordCount":575,"keywords":null},{"@type":"Article","@id":"https:\/\/www.travena.cz\/demokracie-protoze-nic-lepsiho-zatim-nemame\/","headline":"Demokracie, proto\u017ee nic lep\u0161\u00edho zat\u00edm nem\u00e1me","url":"https:\/\/www.travena.cz\/demokracie-protoze-nic-lepsiho-zatim-nemame\/","datePublished":"2019-11-21","dateModified":"2023-06-06","mainEntityOfPage":"https:\/\/www.travena.cz\/demokracie-protoze-nic-lepsiho-zatim-nemame\/","author":{"@type":"Person","@id":"https:\/\/www.travena.cz\/author\/#Person","name":"","url":"https:\/\/www.travena.cz\/author\/","identifier":1,"image":{"@type":"ImageObject","@id":"https:\/\/secure.gravatar.com\/avatar\/591310831c6f562dead2685065c7bfb166baf64da6e0332ad9d0a2e9c6c14446?s=96&d=mm&r=g","url":"https:\/\/secure.gravatar.com\/avatar\/591310831c6f562dead2685065c7bfb166baf64da6e0332ad9d0a2e9c6c14446?s=96&d=mm&r=g","height":96,"width":96}},"publisher":{"@type":"Organization","name":"travena.cz","logo":{"@type":"ImageObject","@id":"\/logo.png","url":"\/logo.png","width":600,"height":60}},"image":{"@type":"ImageObject","@id":"https:\/\/www.travena.cz\/wp-content\/uploads\/img_a361257_w3884_t1574592709.jpg","url":"https:\/\/www.travena.cz\/wp-content\/uploads\/img_a361257_w3884_t1574592709.jpg","height":0,"width":0},"wordCount":533,"keywords":null},{"@type":"Article","@id":"https:\/\/www.travena.cz\/bude-z-tebe-bramborak\/","headline":"Bude z tebe brambor\u00e1k!","url":"https:\/\/www.travena.cz\/bude-z-tebe-bramborak\/","datePublished":"2019-11-19","dateModified":"2023-06-06","mainEntityOfPage":"https:\/\/www.travena.cz\/bude-z-tebe-bramborak\/","author":{"@type":"Person","@id":"https:\/\/www.travena.cz\/author\/#Person","name":"","url":"https:\/\/www.travena.cz\/author\/","identifier":1,"image":{"@type":"ImageObject","@id":"https:\/\/secure.gravatar.com\/avatar\/591310831c6f562dead2685065c7bfb166baf64da6e0332ad9d0a2e9c6c14446?s=96&d=mm&r=g","url":"https:\/\/secure.gravatar.com\/avatar\/591310831c6f562dead2685065c7bfb166baf64da6e0332ad9d0a2e9c6c14446?s=96&d=mm&r=g","height":96,"width":96}},"publisher":{"@type":"Organization","name":"travena.cz","logo":{"@type":"ImageObject","@id":"\/logo.png","url":"\/logo.png","width":600,"height":60}},"image":{"@type":"ImageObject","@id":"https:\/\/www.travena.cz\/wp-content\/uploads\/img_a359341_w3884_t1573330062.jpg","url":"https:\/\/www.travena.cz\/wp-content\/uploads\/img_a359341_w3884_t1573330062.jpg","height":0,"width":0},"wordCount":4621,"keywords":null},{"@type":"Article","@id":"https:\/\/www.travena.cz\/vzhuru-do-sedmdesatek\/","headline":"Vzh\u016fru do sedmdes\u00e1tek!","url":"https:\/\/www.travena.cz\/vzhuru-do-sedmdesatek\/","datePublished":"2019-11-13","dateModified":"2023-06-06","mainEntityOfPage":"https:\/\/www.travena.cz\/vzhuru-do-sedmdesatek\/","author":{"@type":"Person","@id":"https:\/\/www.travena.cz\/author\/#Person","name":"","url":"https:\/\/www.travena.cz\/author\/","identifier":1,"image":{"@type":"ImageObject","@id":"https:\/\/secure.gravatar.com\/avatar\/591310831c6f562dead2685065c7bfb166baf64da6e0332ad9d0a2e9c6c14446?s=96&d=mm&r=g","url":"https:\/\/secure.gravatar.com\/avatar\/591310831c6f562dead2685065c7bfb166baf64da6e0332ad9d0a2e9c6c14446?s=96&d=mm&r=g","height":96,"width":96}},"publisher":{"@type":"Organization","name":"travena.cz","logo":{"@type":"ImageObject","@id":"\/logo.png","url":"\/logo.png","width":600,"height":60}},"image":{"@type":"ImageObject","@id":"https:\/\/www.travena.cz\/wp-content\/uploads\/img_a376729_w3884_t1588248136.jpg","url":"https:\/\/www.travena.cz\/wp-content\/uploads\/img_a376729_w3884_t1588248136.jpg","height":0,"width":0},"wordCount":506,"keywords":null},{"@type":"Article","@id":"https:\/\/www.travena.cz\/s-kym-travi-cas-jara-cimrman-ve-svetovem-nebi\/","headline":"S k\u00fdm tr\u00e1v\u00ed \u010das J\u00e1ra Cimrman ve sv\u011btov\u00e9m nebi?","url":"https:\/\/www.travena.cz\/s-kym-travi-cas-jara-cimrman-ve-svetovem-nebi\/","datePublished":"2019-11-09","dateModified":"2023-06-06","mainEntityOfPage":"https:\/\/www.travena.cz\/s-kym-travi-cas-jara-cimrman-ve-svetovem-nebi\/","author":{"@type":"Person","@id":"https:\/\/www.travena.cz\/author\/#Person","name":"","url":"https:\/\/www.travena.cz\/author\/","identifier":1,"image":{"@type":"ImageObject","@id":"https:\/\/secure.gravatar.com\/avatar\/591310831c6f562dead2685065c7bfb166baf64da6e0332ad9d0a2e9c6c14446?s=96&d=mm&r=g","url":"https:\/\/secure.gravatar.com\/avatar\/591310831c6f562dead2685065c7bfb166baf64da6e0332ad9d0a2e9c6c14446?s=96&d=mm&r=g","height":96,"width":96}},"publisher":{"@type":"Organization","name":"travena.cz","logo":{"@type":"ImageObject","@id":"\/logo.png","url":"\/logo.png","width":600,"height":60}},"image":{"@type":"ImageObject","@id":"https:\/\/www.travena.cz\/wp-content\/uploads\/img_a362126_w3884_t1575104550.jpg","url":"https:\/\/www.travena.cz\/wp-content\/uploads\/img_a362126_w3884_t1575104550.jpg","height":0,"width":0},"wordCount":4579,"keywords":null},{"@type":"Article","@id":"https:\/\/www.travena.cz\/politicka-doba\/","headline":"Politick\u00e1 doba","url":"https:\/\/www.travena.cz\/politicka-doba\/","datePublished":"2019-10-22","dateModified":"2023-06-06","mainEntityOfPage":"https:\/\/www.travena.cz\/politicka-doba\/","author":{"@type":"Person","@id":"https:\/\/www.travena.cz\/author\/#Person","name":"","url":"https:\/\/www.travena.cz\/author\/","identifier":1,"image":{"@type":"ImageObject","@id":"https:\/\/secure.gravatar.com\/avatar\/591310831c6f562dead2685065c7bfb166baf64da6e0332ad9d0a2e9c6c14446?s=96&d=mm&r=g","url":"https:\/\/secure.gravatar.com\/avatar\/591310831c6f562dead2685065c7bfb166baf64da6e0332ad9d0a2e9c6c14446?s=96&d=mm&r=g","height":96,"width":96}},"publisher":{"@type":"Organization","name":"travena.cz","logo":{"@type":"ImageObject","@id":"\/logo.png","url":"\/logo.png","width":600,"height":60}},"image":{"@type":"ImageObject","@id":"https:\/\/www.travena.cz\/wp-content\/uploads\/img_a356249_w3884_t1570904706.jpg","url":"https:\/\/www.travena.cz\/wp-content\/uploads\/img_a356249_w3884_t1570904706.jpg","height":0,"width":0},"wordCount":511,"keywords":null},{"@type":"Article","@id":"https:\/\/www.travena.cz\/doosan-bobcat-u-nas\/","headline":"Doosan Bobcat u n\u00e1s","url":"https:\/\/www.travena.cz\/doosan-bobcat-u-nas\/","datePublished":"2019-10-19","dateModified":"2023-06-06","mainEntityOfPage":"https:\/\/www.travena.cz\/doosan-bobcat-u-nas\/","author":{"@type":"Person","@id":"https:\/\/www.travena.cz\/author\/#Person","name":"","url":"https:\/\/www.travena.cz\/author\/","identifier":1,"image":{"@type":"ImageObject","@id":"https:\/\/secure.gravatar.com\/avatar\/591310831c6f562dead2685065c7bfb166baf64da6e0332ad9d0a2e9c6c14446?s=96&d=mm&r=g","url":"https:\/\/secure.gravatar.com\/avatar\/591310831c6f562dead2685065c7bfb166baf64da6e0332ad9d0a2e9c6c14446?s=96&d=mm&r=g","height":96,"width":96}},"publisher":{"@type":"Organization","name":"travena.cz","logo":{"@type":"ImageObject","@id":"\/logo.png","url":"\/logo.png","width":600,"height":60}},"image":{"@type":"ImageObject","@id":"https:\/\/www.travena.cz\/wp-content\/uploads\/img_a357732_w3884_t1572167243.jpg","url":"https:\/\/www.travena.cz\/wp-content\/uploads\/img_a357732_w3884_t1572167243.jpg","height":0,"width":0},"wordCount":501,"keywords":null}]},{"@context":"https:\/\/schema.org","@type":"WebSite","@id":"https:\/\/www.travena.cz\/#website","name":"Travena","url":"https:\/\/www.travena.cz","potentialAction":{"@type":"SearchAction","target":"https:\/\/www.travena.cz\/?s={search_term_string}","query-input":"required name=search_term_string"}}]