[{"@context":"https:\/\/schema.org\/","@type":"Blog","@id":"https:\/\/www.travena.cz#Blog","headline":"Travena","description":"\nNev\u00edte, kam se obr\u00e1tit se sv\u00fdm tr\u00e1pen\u00edm, a proto trp\u00edte sami? Nem\u00e1te d\u016fvod v\u00a0tom pokra\u010dovat. Na\u0161li jste n\u00e1s a my v\u00e1s v\u00a0tom ur\u010dit\u011b nenech\u00e1me.","url":"https:\/\/www.travena.cz","hasPart":[{"@type":"Article","@id":"https:\/\/www.travena.cz\/rtenka-atribut-zenskosti\/","headline":"Rt\u011bnka \u2013 atribut \u017eenskosti","url":"https:\/\/www.travena.cz\/rtenka-atribut-zenskosti\/","datePublished":"2019-10-18","dateModified":"2023-06-06","mainEntityOfPage":"https:\/\/www.travena.cz\/rtenka-atribut-zenskosti\/","author":{"@type":"Person","@id":"https:\/\/www.travena.cz\/author\/#Person","name":"","url":"https:\/\/www.travena.cz\/author\/","identifier":1,"image":{"@type":"ImageObject","@id":"https:\/\/secure.gravatar.com\/avatar\/591310831c6f562dead2685065c7bfb166baf64da6e0332ad9d0a2e9c6c14446?s=96&d=mm&r=g","url":"https:\/\/secure.gravatar.com\/avatar\/591310831c6f562dead2685065c7bfb166baf64da6e0332ad9d0a2e9c6c14446?s=96&d=mm&r=g","height":96,"width":96}},"publisher":{"@type":"Organization","name":"travena.cz","logo":{"@type":"ImageObject","@id":"\/logo.png","url":"\/logo.png","width":600,"height":60}},"image":{"@type":"ImageObject","@id":"https:\/\/www.travena.cz\/wp-content\/uploads\/img_a357782_w3884_t1572174242.jpg","url":"https:\/\/www.travena.cz\/wp-content\/uploads\/img_a357782_w3884_t1572174242.jpg","height":0,"width":0},"wordCount":4617,"keywords":null},{"@type":"Article","@id":"https:\/\/www.travena.cz\/jak-rozjet-vlastni-firmu\/","headline":"Jak rozjet vlastn\u00ed firmu","url":"https:\/\/www.travena.cz\/jak-rozjet-vlastni-firmu\/","datePublished":"2019-10-15","dateModified":"2023-06-06","mainEntityOfPage":"https:\/\/www.travena.cz\/jak-rozjet-vlastni-firmu\/","author":{"@type":"Person","@id":"https:\/\/www.travena.cz\/author\/#Person","name":"","url":"https:\/\/www.travena.cz\/author\/","identifier":1,"image":{"@type":"ImageObject","@id":"https:\/\/secure.gravatar.com\/avatar\/591310831c6f562dead2685065c7bfb166baf64da6e0332ad9d0a2e9c6c14446?s=96&d=mm&r=g","url":"https:\/\/secure.gravatar.com\/avatar\/591310831c6f562dead2685065c7bfb166baf64da6e0332ad9d0a2e9c6c14446?s=96&d=mm&r=g","height":96,"width":96}},"publisher":{"@type":"Organization","name":"travena.cz","logo":{"@type":"ImageObject","@id":"\/logo.png","url":"\/logo.png","width":600,"height":60}},"image":{"@type":"ImageObject","@id":"https:\/\/www.travena.cz\/wp-content\/uploads\/img_a357424_w3884_t1572084028.jpg","url":"https:\/\/www.travena.cz\/wp-content\/uploads\/img_a357424_w3884_t1572084028.jpg","height":0,"width":0},"wordCount":599,"keywords":null},{"@type":"Article","@id":"https:\/\/www.travena.cz\/facebook-jako-zaklad-pro-male-zivnostniky\/","headline":"Facebook, jako z\u00e1klad pro mal\u00e9 \u017eivnostn\u00edky","url":"https:\/\/www.travena.cz\/facebook-jako-zaklad-pro-male-zivnostniky\/","datePublished":"2019-10-12","dateModified":"2023-06-06","mainEntityOfPage":"https:\/\/www.travena.cz\/facebook-jako-zaklad-pro-male-zivnostniky\/","author":{"@type":"Person","@id":"https:\/\/www.travena.cz\/author\/#Person","name":"","url":"https:\/\/www.travena.cz\/author\/","identifier":1,"image":{"@type":"ImageObject","@id":"https:\/\/secure.gravatar.com\/avatar\/591310831c6f562dead2685065c7bfb166baf64da6e0332ad9d0a2e9c6c14446?s=96&d=mm&r=g","url":"https:\/\/secure.gravatar.com\/avatar\/591310831c6f562dead2685065c7bfb166baf64da6e0332ad9d0a2e9c6c14446?s=96&d=mm&r=g","height":96,"width":96}},"publisher":{"@type":"Organization","name":"travena.cz","logo":{"@type":"ImageObject","@id":"\/logo.png","url":"\/logo.png","width":600,"height":60}},"image":{"@type":"ImageObject","@id":"https:\/\/www.travena.cz\/wp-content\/uploads\/img_a356210_w3884_t1570897308.jpg","url":"https:\/\/www.travena.cz\/wp-content\/uploads\/img_a356210_w3884_t1570897308.jpg","height":0,"width":0},"wordCount":4513,"keywords":null},{"@type":"Article","@id":"https:\/\/www.travena.cz\/clovek-a-spolecnost\/","headline":"\u010clov\u011bk a spole\u010dnost","url":"https:\/\/www.travena.cz\/clovek-a-spolecnost\/","datePublished":"2019-10-10","dateModified":"2023-06-06","mainEntityOfPage":"https:\/\/www.travena.cz\/clovek-a-spolecnost\/","author":{"@type":"Person","@id":"https:\/\/www.travena.cz\/author\/#Person","name":"","url":"https:\/\/www.travena.cz\/author\/","identifier":1,"image":{"@type":"ImageObject","@id":"https:\/\/secure.gravatar.com\/avatar\/591310831c6f562dead2685065c7bfb166baf64da6e0332ad9d0a2e9c6c14446?s=96&d=mm&r=g","url":"https:\/\/secure.gravatar.com\/avatar\/591310831c6f562dead2685065c7bfb166baf64da6e0332ad9d0a2e9c6c14446?s=96&d=mm&r=g","height":96,"width":96}},"publisher":{"@type":"Organization","name":"travena.cz","logo":{"@type":"ImageObject","@id":"\/logo.png","url":"\/logo.png","width":600,"height":60}},"image":{"@type":"ImageObject","@id":"https:\/\/www.travena.cz\/wp-content\/uploads\/img_a357929_w3884_t1572268347.jpg","url":"https:\/\/www.travena.cz\/wp-content\/uploads\/img_a357929_w3884_t1572268347.jpg","height":0,"width":0},"wordCount":526,"keywords":null},{"@type":"Article","@id":"https:\/\/www.travena.cz\/5-tipu-jak-se-vyhnout-podzimni-unave\/","headline":"5 tip\u016f, jak se vyhnout podzimn\u00ed \u00fanav\u011b","url":"https:\/\/www.travena.cz\/5-tipu-jak-se-vyhnout-podzimni-unave\/","datePublished":"2019-10-07","dateModified":"2023-06-06","mainEntityOfPage":"https:\/\/www.travena.cz\/5-tipu-jak-se-vyhnout-podzimni-unave\/","author":{"@type":"Person","@id":"https:\/\/www.travena.cz\/author\/#Person","name":"","url":"https:\/\/www.travena.cz\/author\/","identifier":1,"image":{"@type":"ImageObject","@id":"https:\/\/secure.gravatar.com\/avatar\/591310831c6f562dead2685065c7bfb166baf64da6e0332ad9d0a2e9c6c14446?s=96&d=mm&r=g","url":"https:\/\/secure.gravatar.com\/avatar\/591310831c6f562dead2685065c7bfb166baf64da6e0332ad9d0a2e9c6c14446?s=96&d=mm&r=g","height":96,"width":96}},"publisher":{"@type":"Organization","name":"travena.cz","logo":{"@type":"ImageObject","@id":"\/logo.png","url":"\/logo.png","width":600,"height":60}},"image":{"@type":"ImageObject","@id":"https:\/\/www.travena.cz\/wp-content\/uploads\/img_a358253_w3884_t1572507423.jpg","url":"https:\/\/www.travena.cz\/wp-content\/uploads\/img_a358253_w3884_t1572507423.jpg","height":0,"width":0},"wordCount":507,"keywords":null},{"@type":"Article","@id":"https:\/\/www.travena.cz\/hledate-pronajem-dodavky-za-bezkonkurencni-ceny\/","headline":"Hled\u00e1te pron\u00e1jem dod\u00e1vky za bezkonkuren\u010dn\u00ed ceny?","url":"https:\/\/www.travena.cz\/hledate-pronajem-dodavky-za-bezkonkurencni-ceny\/","datePublished":"2019-08-26","dateModified":"2019-08-26","mainEntityOfPage":"https:\/\/www.travena.cz\/hledate-pronajem-dodavky-za-bezkonkurencni-ceny\/","author":{"@type":"Person","@id":"https:\/\/www.travena.cz\/author\/#Person","name":"","url":"https:\/\/www.travena.cz\/author\/","identifier":1,"image":{"@type":"ImageObject","@id":"https:\/\/secure.gravatar.com\/avatar\/591310831c6f562dead2685065c7bfb166baf64da6e0332ad9d0a2e9c6c14446?s=96&d=mm&r=g","url":"https:\/\/secure.gravatar.com\/avatar\/591310831c6f562dead2685065c7bfb166baf64da6e0332ad9d0a2e9c6c14446?s=96&d=mm&r=g","height":96,"width":96}},"publisher":{"@type":"Organization","name":"travena.cz","logo":{"@type":"ImageObject","@id":"\/logo.png","url":"\/logo.png","width":600,"height":60}},"image":{"@type":"ImageObject","@id":"https:\/\/www.travena.cz\/wp-content\/uploads\/img_a358412_w1761_t1572611809.jpg","url":"https:\/\/www.travena.cz\/wp-content\/uploads\/img_a358412_w1761_t1572611809.jpg","height":0,"width":0},"wordCount":560,"keywords":null},{"@type":"Article","@id":"https:\/\/www.travena.cz\/zahrada-zije-svym-zivotem-i-v-zime\/","headline":"Zahrada \u017eije sv\u00fdm \u017eivotem i v zim\u011b","url":"https:\/\/www.travena.cz\/zahrada-zije-svym-zivotem-i-v-zime\/","datePublished":"2018-10-18","dateModified":"2023-06-06","mainEntityOfPage":"https:\/\/www.travena.cz\/zahrada-zije-svym-zivotem-i-v-zime\/","author":{"@type":"Person","@id":"https:\/\/www.travena.cz\/author\/#Person","name":"","url":"https:\/\/www.travena.cz\/author\/","identifier":1,"image":{"@type":"ImageObject","@id":"https:\/\/secure.gravatar.com\/avatar\/591310831c6f562dead2685065c7bfb166baf64da6e0332ad9d0a2e9c6c14446?s=96&d=mm&r=g","url":"https:\/\/secure.gravatar.com\/avatar\/591310831c6f562dead2685065c7bfb166baf64da6e0332ad9d0a2e9c6c14446?s=96&d=mm&r=g","height":96,"width":96}},"publisher":{"@type":"Organization","name":"travena.cz","logo":{"@type":"ImageObject","@id":"\/logo.png","url":"\/logo.png","width":600,"height":60}},"image":{"@type":"ImageObject","@id":"https:\/\/www.travena.cz\/wp-content\/uploads\/img_a332294_w2366_t1545133875.jpg","url":"https:\/\/www.travena.cz\/wp-content\/uploads\/img_a332294_w2366_t1545133875.jpg","height":0,"width":0},"wordCount":511,"keywords":null},{"@type":"Article","@id":"https:\/\/www.travena.cz\/jak-zvladnout-tropicke-teploty\/","headline":"Jak zvl\u00e1dnout tropick\u00e9 teploty","url":"https:\/\/www.travena.cz\/jak-zvladnout-tropicke-teploty\/","datePublished":"2018-07-23","dateModified":"2024-02-19","mainEntityOfPage":"https:\/\/www.travena.cz\/jak-zvladnout-tropicke-teploty\/","author":{"@type":"Person","@id":"https:\/\/www.travena.cz\/author\/#Person","name":"","url":"https:\/\/www.travena.cz\/author\/","identifier":1,"image":{"@type":"ImageObject","@id":"https:\/\/secure.gravatar.com\/avatar\/591310831c6f562dead2685065c7bfb166baf64da6e0332ad9d0a2e9c6c14446?s=96&d=mm&r=g","url":"https:\/\/secure.gravatar.com\/avatar\/591310831c6f562dead2685065c7bfb166baf64da6e0332ad9d0a2e9c6c14446?s=96&d=mm&r=g","height":96,"width":96}},"publisher":{"@type":"Organization","name":"travena.cz","logo":{"@type":"ImageObject","@id":"\/logo.png","url":"\/logo.png","width":600,"height":60}},"image":{"@type":"ImageObject","@id":"https:\/\/www.travena.cz\/wp-content\/uploads\/img_a322547_w1970_t1534234674.jpg","url":"https:\/\/www.travena.cz\/wp-content\/uploads\/img_a322547_w1970_t1534234674.jpg","height":0,"width":0},"wordCount":2441,"keywords":null},{"@type":"Article","@id":"https:\/\/www.travena.cz\/perfektni-prehled-o-praci\/","headline":"Perfektn\u00ed p\u0159ehled o pr\u00e1ci","url":"https:\/\/www.travena.cz\/perfektni-prehled-o-praci\/","datePublished":"2018-07-16","dateModified":"2023-06-06","mainEntityOfPage":"https:\/\/www.travena.cz\/perfektni-prehled-o-praci\/","author":{"@type":"Person","@id":"https:\/\/www.travena.cz\/author\/#Person","name":"","url":"https:\/\/www.travena.cz\/author\/","identifier":1,"image":{"@type":"ImageObject","@id":"https:\/\/secure.gravatar.com\/avatar\/591310831c6f562dead2685065c7bfb166baf64da6e0332ad9d0a2e9c6c14446?s=96&d=mm&r=g","url":"https:\/\/secure.gravatar.com\/avatar\/591310831c6f562dead2685065c7bfb166baf64da6e0332ad9d0a2e9c6c14446?s=96&d=mm&r=g","height":96,"width":96}},"publisher":{"@type":"Organization","name":"travena.cz","logo":{"@type":"ImageObject","@id":"\/logo.png","url":"\/logo.png","width":600,"height":60}},"image":{"@type":"ImageObject","@id":"https:\/\/www.travena.cz\/wp-content\/uploads\/img_a325205_w2416_t1537074533.jpg","url":"https:\/\/www.travena.cz\/wp-content\/uploads\/img_a325205_w2416_t1537074533.jpg","height":0,"width":0},"wordCount":554,"keywords":null},{"@type":"Article","@id":"https:\/\/www.travena.cz\/proc-se-cestovani-autobusem-vyplati\/","headline":"Pro\u010d se cestov\u00e1n\u00ed autobusem vyplat\u00ed","url":"https:\/\/www.travena.cz\/proc-se-cestovani-autobusem-vyplati\/","datePublished":"2018-06-08","dateModified":"2023-06-06","mainEntityOfPage":"https:\/\/www.travena.cz\/proc-se-cestovani-autobusem-vyplati\/","author":{"@type":"Person","@id":"https:\/\/www.travena.cz\/author\/#Person","name":"","url":"https:\/\/www.travena.cz\/author\/","identifier":1,"image":{"@type":"ImageObject","@id":"https:\/\/secure.gravatar.com\/avatar\/591310831c6f562dead2685065c7bfb166baf64da6e0332ad9d0a2e9c6c14446?s=96&d=mm&r=g","url":"https:\/\/secure.gravatar.com\/avatar\/591310831c6f562dead2685065c7bfb166baf64da6e0332ad9d0a2e9c6c14446?s=96&d=mm&r=g","height":96,"width":96}},"publisher":{"@type":"Organization","name":"travena.cz","logo":{"@type":"ImageObject","@id":"\/logo.png","url":"\/logo.png","width":600,"height":60}},"image":{"@type":"ImageObject","@id":"https:\/\/www.travena.cz\/wp-content\/uploads\/img_a321054_w2157_t1532246150.png","url":"https:\/\/www.travena.cz\/wp-content\/uploads\/img_a321054_w2157_t1532246150.png","height":0,"width":0},"wordCount":558,"keywords":null}]},{"@context":"https:\/\/schema.org","@type":"WebSite","@id":"https:\/\/www.travena.cz\/#website","name":"Travena","url":"https:\/\/www.travena.cz","potentialAction":{"@type":"SearchAction","target":"https:\/\/www.travena.cz\/?s={search_term_string}","query-input":"required name=search_term_string"}}]