[{"@context":"https:\/\/schema.org\/","@type":"Article","@id":"https:\/\/www.travena.cz\/politicka-doba\/#Article","mainEntityOfPage":"https:\/\/www.travena.cz\/politicka-doba\/","headline":"Politick\u00e1 doba","name":"Politick\u00e1 doba","description":"Mo\u017enosti sou\u010dasnosti Je tomu ji\u017e mnoho let, co si ob\u010dan \u010cesk\u00e9 republiky m\u016f\u017ee svobodn\u011b vyb\u00edrat vl\u00e1dnouc\u00ed skupinu lid\u00ed ve form\u011b politick\u00fdch stran, nebo jednotliv\u00fdch kandid\u00e1t\u016f na pozice parlamentu, sen\u00e1tu, prezidenta,... <a href=\"https:\/\/www.travena.cz\/politicka-doba\/\">P\u0159e\u010d\u00edst<\/a>","datePublished":"2019-10-22","dateModified":"2023-06-06","author":{"@type":"Person","@id":"https:\/\/www.travena.cz\/author\/#Person","name":"","url":"https:\/\/www.travena.cz\/author\/","identifier":1,"image":{"@type":"ImageObject","@id":"https:\/\/secure.gravatar.com\/avatar\/591310831c6f562dead2685065c7bfb166baf64da6e0332ad9d0a2e9c6c14446?s=96&d=mm&r=g","url":"https:\/\/secure.gravatar.com\/avatar\/591310831c6f562dead2685065c7bfb166baf64da6e0332ad9d0a2e9c6c14446?s=96&d=mm&r=g","height":96,"width":96}},"publisher":{"@type":"Organization","name":"travena.cz","logo":{"@type":"ImageObject","@id":"\/logo.png","url":"\/logo.png","width":600,"height":60}},"image":{"@type":"ImageObject","@id":"https:\/\/www.travena.cz\/wp-content\/uploads\/img_a356249_w3884_t1570904706.jpg","url":"https:\/\/www.travena.cz\/wp-content\/uploads\/img_a356249_w3884_t1570904706.jpg","height":0,"width":0},"url":"https:\/\/www.travena.cz\/politicka-doba\/","about":["Politika"],"wordCount":463,"articleBody":"Mo\u017enosti sou\u010dasnostiJe tomu ji\u017e mnoho let, co si ob\u010dan \u010cesk\u00e9 republiky m\u016f\u017ee svobodn\u011b vyb\u00edrat vl\u00e1dnouc\u00ed skupinu lid\u00ed ve form\u011b politick\u00fdch stran, nebo jednotliv\u00fdch kandid\u00e1t\u016f na pozice parlamentu, sen\u00e1tu, prezidenta, obecn\u00edho zastupitelstv\u00ed. Ka\u017ed\u00fd z&nbsp;n\u00e1s vol\u00ed toho, kter\u00fd mu p\u0159ipad\u00e1 jako nejvhodn\u011bj\u0161\u00ed. Kdy\u017e si nem\u016f\u017eeme vybrat, k&nbsp;volb\u00e1m chodit nemus\u00edme. Dokonce m\u00e1me mo\u017enost zalo\u017eit si vlastn\u00ed hnut\u00ed, stranu, kter\u00e1 by fungovala na principu, jak\u00fd se n\u00e1m l\u00edb\u00ed.&nbsp;Chyba idej\u00edBohu \u017eel se v\u0161ak i v&nbsp;dne\u0161n\u00edm politick\u00e9m syst\u00e9mu opakuj\u00ed ty sam\u00e9 chyby, jako se opakovaly ji\u017e d\u0159\u00edve. Bol\u00ed o to v\u00edce, \u017ee ka\u017ed\u00fd \u010dlov\u011bk v&nbsp;devades\u00e1t\u00fdch letech doufal, \u017ee se opakovat nebudou. Nap\u0159\u00edklad v&nbsp;televizi je po\u0159\u00e1d dokole\u010dka om\u00edl\u00e1no slovo svoboda, a ukazuje se j\u00edm na n\u00e1\u0161 politick\u00fd \u017eivot, podobn\u011b jako se d\u0159\u00edve om\u00edlal po\u0159\u00e1d dokole\u010dka socialismus.Douf\u00e1m, \u017ee se tak nebude d\u00edt do t\u00e9 doby, ve kter\u00e9 by se toto slovo a tento pojem zprotivily ob\u010dan\u016fm \u010cR. Mohlo by tak toto ne\u00faprosn\u00e9 upozor\u0148ov\u00e1n\u00ed na tu skute\u010dnost, \u017ee ne\u017eijeme pod \u00fatlakem ciz\u00edho n\u00e1roda, \u017ee si m\u016f\u017eeme volit sv\u00e9 zastupitele dle sv\u00fdch p\u0159\u00e1n\u00ed a idej\u00ed, \u017ee jedin\u00e1 omezuj\u00edc\u00ed skute\u010dnost, kter\u00e1 n\u00e1m zabra\u0148uje v&nbsp;\u00fapln\u00e9 svobod\u011b, je skute\u010dnost pom\u011brn\u011b rozumn\u00e1, b\u00fdt nakonec fiaskem t\u00e9to doby. Proto\u017ee na\u0161e o\u010dek\u00e1v\u00e1n\u00ed od svobodn\u00e9ho syst\u00e9mu jsou \u010dasto zklam\u00e1v\u00e1na nutnost\u00ed pochopit, \u017ee a\u0165 ji\u017e si p\u0159edstavujeme skute\u010dnost, kterou se sna\u017e\u00edme dos\u00e1hnout jako jakkoli ide\u00e1ln\u00ed, v\u017edy se mus\u00edme pod\u0159\u00eddit skute\u010dnosti sam\u00e9.Nap\u0159\u00edklad se m\u016f\u017eeme sna\u017eit dos\u00e1hnout rovnosti p\u0159\u00edle\u017eitost\u00ed, ale ve skute\u010dnosti n\u00e1m k&nbsp;tomu bude br\u00e1nit mnoho re\u00e1ln\u00fdch faktor\u016f jako finance, individu\u00e1ln\u00ed schopnosti \u010dlov\u011bka i mo\u017enosti spole\u010dnost\u00ed i spole\u010dnosti celkov\u011b.&nbsp;Kontraproduktivita idejeA pr\u00e1v\u011b toto douf\u00e1n\u00ed, \u017ee n\u00e1s spas\u00ed n\u011bjak\u00e1 idea, t\u0159eba rovnosti nebo svobody, vede k&nbsp;zaho\u0159knut\u00ed k&nbsp;jak\u00e9mukoli syst\u00e9mu jak\u00e9koli doby, a jeho n\u00e1slednou ideovou reformu v&nbsp;podob\u011b r\u016fzn\u00fdch revoluc\u00ed. Proto se za\u010d\u00edn\u00e1 omrzovat poslouch\u00e1n\u00ed televizn\u00edch zpr\u00e1v, kde n\u00e1m je ka\u017ed\u00fd den p\u0159edkl\u00e1d\u00e1no, \u017ee si m\u00e1me v\u00e1\u017eit toho, \u017ee \u017eijeme ve svobodn\u00e9 zemi, proto\u017ee idea svobody samotn\u00e1 je prakticky nedosti\u017en\u00e1. V\u017edy toti\u017e budeme otro\u010dit alespo\u0148 sv\u00e9mu \u017ealudku.                                                                                                                                                                                                                                                                                                                                                                                        3.2\/5 - (6 votes)        "},{"@context":"https:\/\/schema.org\/","@type":"BreadcrumbList","itemListElement":[{"@type":"ListItem","position":1,"name":"Politick\u00e1 doba","item":"https:\/\/www.travena.cz\/politicka-doba\/#breadcrumbitem"}]}]