{"@context":"https:\/\/schema.org\/","@type":"CollectionPage","@id":"https:\/\/www.travena.cz\/politika\/#CollectionPage","headline":"Politika Category","description":"","url":"https:\/\/www.travena.cz\/politika\/","hasPart":[{"@type":"Article","@id":"https:\/\/www.travena.cz\/pustte-se-do-velikonocnich-dekoraci\/","headline":"Pus\u0165te se do velikono\u010dn\u00edch dekorac\u00ed","url":"https:\/\/www.travena.cz\/pustte-se-do-velikonocnich-dekoraci\/","datePublished":"2023-02-28","dateModified":"2023-02-28","mainEntityOfPage":"https:\/\/www.travena.cz\/pustte-se-do-velikonocnich-dekoraci\/","author":{"@type":"Person","@id":"https:\/\/www.travena.cz\/author\/#Person","name":"","url":"https:\/\/www.travena.cz\/author\/","identifier":1,"image":{"@type":"ImageObject","@id":"https:\/\/secure.gravatar.com\/avatar\/591310831c6f562dead2685065c7bfb166baf64da6e0332ad9d0a2e9c6c14446?s=96&d=mm&r=g","url":"https:\/\/secure.gravatar.com\/avatar\/591310831c6f562dead2685065c7bfb166baf64da6e0332ad9d0a2e9c6c14446?s=96&d=mm&r=g","height":96,"width":96}},"publisher":{"@type":"Organization","name":"travena.cz","logo":{"@type":"ImageObject","@id":"\/logo.png","url":"\/logo.png","width":600,"height":60}},"image":{"@type":"ImageObject","@id":"https:\/\/www.travena.cz\/wp-content\/uploads\/easter-2093315__340.jpg","url":"https:\/\/www.travena.cz\/wp-content\/uploads\/easter-2093315__340.jpg","height":0,"width":0},"keywords":null},{"@type":"Article","@id":"https:\/\/www.travena.cz\/beton-je-kvalitni\/","headline":"Beton je kvalitn\u00ed","url":"https:\/\/www.travena.cz\/beton-je-kvalitni\/","datePublished":"2022-12-27","dateModified":"2023-06-06","mainEntityOfPage":"https:\/\/www.travena.cz\/beton-je-kvalitni\/","author":{"@type":"Person","@id":"https:\/\/www.travena.cz\/author\/#Person","name":"","url":"https:\/\/www.travena.cz\/author\/","identifier":1,"image":{"@type":"ImageObject","@id":"https:\/\/secure.gravatar.com\/avatar\/591310831c6f562dead2685065c7bfb166baf64da6e0332ad9d0a2e9c6c14446?s=96&d=mm&r=g","url":"https:\/\/secure.gravatar.com\/avatar\/591310831c6f562dead2685065c7bfb166baf64da6e0332ad9d0a2e9c6c14446?s=96&d=mm&r=g","height":96,"width":96}},"publisher":{"@type":"Organization","name":"travena.cz","logo":{"@type":"ImageObject","@id":"\/logo.png","url":"\/logo.png","width":600,"height":60}},"image":{"@type":"ImageObject","@id":"https:\/\/www.travena.cz\/wp-content\/uploads\/house-66627_960_720_2.jpg","url":"https:\/\/www.travena.cz\/wp-content\/uploads\/house-66627_960_720_2.jpg","height":0,"width":0},"keywords":null},{"@type":"Article","@id":"https:\/\/www.travena.cz\/europoslanci-se-asi-jen-tak-odbyt-nenechaji\/","headline":"Europoslanci se asi jen tak odb\u00fdt nenechaj\u00ed","url":"https:\/\/www.travena.cz\/europoslanci-se-asi-jen-tak-odbyt-nenechaji\/","datePublished":"2020-03-19","dateModified":"2023-06-06","mainEntityOfPage":"https:\/\/www.travena.cz\/europoslanci-se-asi-jen-tak-odbyt-nenechaji\/","author":{"@type":"Person","@id":"https:\/\/www.travena.cz\/author\/#Person","name":"","url":"https:\/\/www.travena.cz\/author\/","identifier":1,"image":{"@type":"ImageObject","@id":"https:\/\/secure.gravatar.com\/avatar\/591310831c6f562dead2685065c7bfb166baf64da6e0332ad9d0a2e9c6c14446?s=96&d=mm&r=g","url":"https:\/\/secure.gravatar.com\/avatar\/591310831c6f562dead2685065c7bfb166baf64da6e0332ad9d0a2e9c6c14446?s=96&d=mm&r=g","height":96,"width":96}},"publisher":{"@type":"Organization","name":"travena.cz","logo":{"@type":"ImageObject","@id":"\/logo.png","url":"\/logo.png","width":600,"height":60}},"image":{"@type":"ImageObject","@id":"https:\/\/www.travena.cz\/wp-content\/uploads\/img_a372293_w4233_t1583820214.jpg","url":"https:\/\/www.travena.cz\/wp-content\/uploads\/img_a372293_w4233_t1583820214.jpg","height":0,"width":0},"keywords":null},{"@type":"Article","@id":"https:\/\/www.travena.cz\/demokracie-protoze-nic-lepsiho-zatim-nemame\/","headline":"Demokracie, proto\u017ee nic lep\u0161\u00edho zat\u00edm nem\u00e1me","url":"https:\/\/www.travena.cz\/demokracie-protoze-nic-lepsiho-zatim-nemame\/","datePublished":"2019-11-21","dateModified":"2023-06-06","mainEntityOfPage":"https:\/\/www.travena.cz\/demokracie-protoze-nic-lepsiho-zatim-nemame\/","author":{"@type":"Person","@id":"https:\/\/www.travena.cz\/author\/#Person","name":"","url":"https:\/\/www.travena.cz\/author\/","identifier":1,"image":{"@type":"ImageObject","@id":"https:\/\/secure.gravatar.com\/avatar\/591310831c6f562dead2685065c7bfb166baf64da6e0332ad9d0a2e9c6c14446?s=96&d=mm&r=g","url":"https:\/\/secure.gravatar.com\/avatar\/591310831c6f562dead2685065c7bfb166baf64da6e0332ad9d0a2e9c6c14446?s=96&d=mm&r=g","height":96,"width":96}},"publisher":{"@type":"Organization","name":"travena.cz","logo":{"@type":"ImageObject","@id":"\/logo.png","url":"\/logo.png","width":600,"height":60}},"image":{"@type":"ImageObject","@id":"https:\/\/www.travena.cz\/wp-content\/uploads\/img_a361257_w3884_t1574592709.jpg","url":"https:\/\/www.travena.cz\/wp-content\/uploads\/img_a361257_w3884_t1574592709.jpg","height":0,"width":0},"keywords":null},{"@type":"Article","@id":"https:\/\/www.travena.cz\/politicka-doba\/","headline":"Politick\u00e1 doba","url":"https:\/\/www.travena.cz\/politicka-doba\/","datePublished":"2019-10-22","dateModified":"2023-06-06","mainEntityOfPage":"https:\/\/www.travena.cz\/politicka-doba\/","author":{"@type":"Person","@id":"https:\/\/www.travena.cz\/author\/#Person","name":"","url":"https:\/\/www.travena.cz\/author\/","identifier":1,"image":{"@type":"ImageObject","@id":"https:\/\/secure.gravatar.com\/avatar\/591310831c6f562dead2685065c7bfb166baf64da6e0332ad9d0a2e9c6c14446?s=96&d=mm&r=g","url":"https:\/\/secure.gravatar.com\/avatar\/591310831c6f562dead2685065c7bfb166baf64da6e0332ad9d0a2e9c6c14446?s=96&d=mm&r=g","height":96,"width":96}},"publisher":{"@type":"Organization","name":"travena.cz","logo":{"@type":"ImageObject","@id":"\/logo.png","url":"\/logo.png","width":600,"height":60}},"image":{"@type":"ImageObject","@id":"https:\/\/www.travena.cz\/wp-content\/uploads\/img_a356249_w3884_t1570904706.jpg","url":"https:\/\/www.travena.cz\/wp-content\/uploads\/img_a356249_w3884_t1570904706.jpg","height":0,"width":0},"keywords":null},{"@type":"Article","@id":"https:\/\/www.travena.cz\/jak-zvladnout-tropicke-teploty\/","headline":"Jak zvl\u00e1dnout tropick\u00e9 teploty","url":"https:\/\/www.travena.cz\/jak-zvladnout-tropicke-teploty\/","datePublished":"2018-07-23","dateModified":"2024-02-19","mainEntityOfPage":"https:\/\/www.travena.cz\/jak-zvladnout-tropicke-teploty\/","author":{"@type":"Person","@id":"https:\/\/www.travena.cz\/author\/#Person","name":"","url":"https:\/\/www.travena.cz\/author\/","identifier":1,"image":{"@type":"ImageObject","@id":"https:\/\/secure.gravatar.com\/avatar\/591310831c6f562dead2685065c7bfb166baf64da6e0332ad9d0a2e9c6c14446?s=96&d=mm&r=g","url":"https:\/\/secure.gravatar.com\/avatar\/591310831c6f562dead2685065c7bfb166baf64da6e0332ad9d0a2e9c6c14446?s=96&d=mm&r=g","height":96,"width":96}},"publisher":{"@type":"Organization","name":"travena.cz","logo":{"@type":"ImageObject","@id":"\/logo.png","url":"\/logo.png","width":600,"height":60}},"image":{"@type":"ImageObject","@id":"https:\/\/www.travena.cz\/wp-content\/uploads\/img_a322547_w1970_t1534234674.jpg","url":"https:\/\/www.travena.cz\/wp-content\/uploads\/img_a322547_w1970_t1534234674.jpg","height":0,"width":0},"keywords":null}]}