[{"@context":"https:\/\/schema.org\/","@type":"Article","@id":"https:\/\/www.travena.cz\/s-mikrobusem-rovnou-za-nosem\/#Article","mainEntityOfPage":"https:\/\/www.travena.cz\/s-mikrobusem-rovnou-za-nosem\/","headline":"S mikrobusem rovnou za nosem","name":"S mikrobusem rovnou za nosem","description":"Uva\u017eujete o pron\u00e1jmu vozidla z p\u016fj\u010dovny aut v Praze typu mikrobusu a r\u00e1di byste pozvali va\u0161e p\u0159\u00e1tele ze zahrani\u010d\u00ed na t\u00fddenn\u00ed dovolenou v tuzemsku, koncipovanou jako objevn\u00fd hv\u011bzdicov\u00fd z\u00e1jezd? Pak... <a href=\"https:\/\/www.travena.cz\/s-mikrobusem-rovnou-za-nosem\/\">P\u0159e\u010d\u00edst<\/a>","datePublished":"2024-12-22","dateModified":"2024-12-22","author":{"@type":"Person","@id":"https:\/\/www.travena.cz\/author\/#Person","name":"","url":"https:\/\/www.travena.cz\/author\/","identifier":1,"image":{"@type":"ImageObject","@id":"https:\/\/secure.gravatar.com\/avatar\/591310831c6f562dead2685065c7bfb166baf64da6e0332ad9d0a2e9c6c14446?s=96&d=mm&r=g","url":"https:\/\/secure.gravatar.com\/avatar\/591310831c6f562dead2685065c7bfb166baf64da6e0332ad9d0a2e9c6c14446?s=96&d=mm&r=g","height":96,"width":96}},"publisher":{"@type":"Organization","name":"travena.cz","logo":{"@type":"ImageObject","@id":"\/logo.png","url":"\/logo.png","width":600,"height":60}},"image":{"@type":"ImageObject","@id":"https:\/\/www.travena.cz\/wp-content\/uploads\/landscape-3127859_640_10_1.jpg","url":"https:\/\/www.travena.cz\/wp-content\/uploads\/landscape-3127859_640_10_1.jpg","height":0,"width":0},"url":"https:\/\/www.travena.cz\/s-mikrobusem-rovnou-za-nosem\/","about":["Byznys"],"wordCount":421,"articleBody":"      Uva\u017eujete o pron\u00e1jmu vozidla z p\u016fj\u010dovny aut v Praze typu mikrobusu a r\u00e1di byste pozvali va\u0161e p\u0159\u00e1tele ze zahrani\u010d\u00ed na t\u00fddenn\u00ed dovolenou v tuzemsku, koncipovanou jako objevn\u00fd hv\u011bzdicov\u00fd z\u00e1jezd? Pak byste nem\u011bli zapomenout na n\u00e1sleduj\u00edc\u00ed \u201edrobnosti\u201c:Pl\u00e1n trasy \u2013 zn\u00e1te film Svatebn\u00ed cesta do Jilj\u00ed s Libu\u0161kou \u0160afr\u00e1nkovou a Josefem Abrh\u00e1mem? Pepa Abrh\u00e1m si pe\u010dliv\u011b sestavoval na jejich \u201ep\u0159edsvatebn\u00ed cestu\u201c pl\u00e1n, z n\u011bho\u017e stejn\u011b nakonec se\u0161lo, ale vy se tomu m\u016f\u017eete vyhnout, pokud si zvol\u00edte v\u00edce alternativ pro p\u0159\u00edpad \u0161kared\u00e9ho po\u010das\u00ed nebo touhy po zm\u011bn\u011b. S pronajat\u00fdm vozem lze spat\u0159it b\u011bhem jednoho t\u00fddne t\u0159eba v\u011bt\u0161inu historick\u00fdch pam\u00e1tek z\u00e1padn\u00edch a ji\u017en\u00edch \u010cech a u\u017e\u00edt si z\u00e1rove\u0148 koup\u00e1n\u00ed ve voln\u00e9 p\u0159\u00edrod\u011b.Zaji\u0161t\u011bn\u00ed ubytov\u00e1n\u00ed na trase \u2013 vhodn\u00e9 je zajistit si ubytov\u00e1n\u00ed na hv\u011bzdicov\u00e9m z\u00e1jezdu p\u0159edem. T\u00edm se vyhnete r\u016fzn\u00fdm p\u0159ehmat\u016fm a zapln\u011bn\u00fdm rezervovan\u00fdm hotel\u016fm a penzion\u016fm. S\u00e1zet na n\u00e1hodu se v tomto p\u0159\u00edpad\u011b nevypl\u00e1c\u00ed. Cyklistika a vod\u00e1ctv\u00ed \u2013 z\u00e1jezd s pronajat\u00fdm mikrobusem si m\u016f\u017eete zpest\u0159it i j\u00edzdou na kole a plavbou po \u0159ek\u00e1ch. Objedn\u00e1te-li si p\u0159edem pron\u00e1jem j\u00edzdn\u00edch kol a lod\u00ed a prolo\u017e\u00edte j\u00edzdu autem t\u011bmito fyzick\u00fdmi aktivitami. Mohlo by v\u00e1s to bavit nap\u0159\u00edklad na horn\u00edm toku Vltavy \u010di Lu\u017enice a na st\u0159edn\u00edm toku S\u00e1zavy a Berounky. J\u00edzda v no\u010dn\u00edch hodin\u00e1ch \u2013 jestli\u017ee v\u00e1s l\u00e1k\u00e1 n\u011bjak\u00e1 no\u010dn\u00ed akce, jako je nap\u0159\u00edklad p\u016flno\u010dn\u00ed v\u00fdstup na Mile\u0161ovku, pak vyu\u017eijte t\u00e9to p\u0159\u00edle\u017eitosti k romantice tepl\u00fdch letn\u00edch noc\u00ed. Ty b\u00fdvaj\u00ed k dispozici ji\u017e koncem \u010dervna a m\u00e1te-li \u0161t\u011bst\u00ed na po\u010das\u00ed, m\u016f\u017ee b\u00fdt v\u00e1\u0161 no\u010dn\u00ed v\u00fdlet mikrobusem skute\u010dn\u011b velmi atraktivn\u00ed, nebo\u0165 za tepl\u00e9ho letn\u00edho po\u010das\u00ed a jasn\u00e9 hv\u011bzdn\u00e9 oblohy lze spat\u0159it hv\u011bzdy Sirius a Aldebaran tak, jak to p\u0159edv\u00e1d\u011bli v milostn\u00e9m objet\u00ed a s tane\u010dn\u00edmi kreacemi na terase pra\u017esk\u00e9ho Radiopal\u00e1ce Karel H\u00f6ger a p\u016fvabn\u00e1 Vlasta Matulov\u00e1 ve filmu Modr\u00fd z\u00e1voj.                                                                                                                                                                                                                                                                                                                                                                                           4.5\/5 - (4 votes)        "},{"@context":"https:\/\/schema.org\/","@type":"BreadcrumbList","itemListElement":[{"@type":"ListItem","position":1,"name":"S mikrobusem rovnou za nosem","item":"https:\/\/www.travena.cz\/s-mikrobusem-rovnou-za-nosem\/#breadcrumbitem"}]}]