[{"@context":"https:\/\/schema.org\/","@type":"Article","@id":"https:\/\/www.travena.cz\/spolecnost-ve-ktere-se-deti-pohybuji-ma-na-ne-vliv\/#Article","mainEntityOfPage":"https:\/\/www.travena.cz\/spolecnost-ve-ktere-se-deti-pohybuji-ma-na-ne-vliv\/","headline":"Spole\u010dnost, ve kter\u00e9 se d\u011bti pohybuj\u00ed, m\u00e1 na n\u011b vliv","name":"Spole\u010dnost, ve kter\u00e9 se d\u011bti pohybuj\u00ed, m\u00e1 na n\u011b vliv","description":"Mysl\u00edte si, \u017ee spole\u010dnost nem\u00e1 vliv na \u010dlov\u011bka? M\u00e1 mnohem v\u011bt\u0161\u00ed vliv, ne\u017e si mysl\u00edte. Nejen na dosp\u011bl\u00e9 osoby, ale tak\u00e9 na d\u011bti. Mo\u017en\u00e1, \u017ee ne\u017e \u0161lo va\u0161e d\u00edt\u011b do... <a href=\"https:\/\/www.travena.cz\/spolecnost-ve-ktere-se-deti-pohybuji-ma-na-ne-vliv\/\">P\u0159e\u010d\u00edst<\/a>","datePublished":"2022-03-17","dateModified":"2023-06-06","author":{"@type":"Person","@id":"https:\/\/www.travena.cz\/author\/#Person","name":"","url":"https:\/\/www.travena.cz\/author\/","identifier":1,"image":{"@type":"ImageObject","@id":"https:\/\/secure.gravatar.com\/avatar\/591310831c6f562dead2685065c7bfb166baf64da6e0332ad9d0a2e9c6c14446?s=96&d=mm&r=g","url":"https:\/\/secure.gravatar.com\/avatar\/591310831c6f562dead2685065c7bfb166baf64da6e0332ad9d0a2e9c6c14446?s=96&d=mm&r=g","height":96,"width":96}},"publisher":{"@type":"Organization","name":"travena.cz","logo":{"@type":"ImageObject","@id":"\/logo.png","url":"\/logo.png","width":600,"height":60}},"image":{"@type":"ImageObject","@id":"https:\/\/www.travena.cz\/wp-content\/uploads\/mal%C3%A9%20d%C3%ADt%C4%9B.JPG","url":"https:\/\/www.travena.cz\/wp-content\/uploads\/mal%C3%A9%20d%C3%ADt%C4%9B.JPG","height":0,"width":0},"url":"https:\/\/www.travena.cz\/spolecnost-ve-ktere-se-deti-pohybuji-ma-na-ne-vliv\/","about":["Spole\u010dnost"],"wordCount":453,"articleBody":"Mysl\u00edte si, \u017ee spole\u010dnost nem\u00e1 vliv na \u010dlov\u011bka? M\u00e1 mnohem v\u011bt\u0161\u00ed vliv, ne\u017e si mysl\u00edte. Nejen na dosp\u011bl\u00e9 osoby, ale tak\u00e9 na d\u011bti.Mo\u017en\u00e1, \u017ee ne\u017e \u0161lo va\u0161e d\u00edt\u011b do \u0161kolky, bylo v\u00e1m otev\u0159en\u00e9, nem\u011blo probl\u00e9m si s\u00a0v\u00e1mi popov\u00eddat apod., ale jakmile za\u010dalo chodit do \u0161kolky, v\u0161e se zm\u011bnilo. Za\u010dalo b\u00fdt najednou uzav\u0159en\u00e9, p\u0159estalo si s\u00a0v\u00e1mi pov\u00eddat. Na n\u011bco takov\u00e9ho m\u00e1 opravdu velk\u00fd vliv pr\u00e1v\u011b spole\u010dnost. V\u00a0tomto p\u0159\u00edpad\u011b spole\u010dnost d\u011bt\u00ed.Bohu\u017eel mnoh\u00e9 d\u011bti jsou opravdu velmi zl\u00e9, co se t\u00fdk\u00e1 charakteru, a ned\u011blaj\u00ed si \u017e\u00e1dn\u00e9 serv\u00edtky. U\u017e v\u00a0\u00fatl\u00e9m v\u011bku se d\u011bti mohou setkat s\u00a0posm\u011b\u0161ky nebo \u0161ikanou. Mo\u017en\u00e1 to je tak\u00e9 ten d\u016fvod, pro\u010d n\u011bkte\u0159\u00ed rodi\u010de ned\u00e1vaj\u00ed sv\u00e9 d\u00edt\u011b do \u0161kolky, ale sna\u017e\u00ed se jej d\u00e1t rovnou a\u017e do \u0161koly. Bohu\u017eel ani ve \u0161kole ale d\u00edt\u011b \u0161ikan\u011b a posm\u011b\u0161k\u016fm neute\u010de. I tady se s\u00a0t\u00edm mohou setkat.Ot\u00e1zkou je, jestli je dob\u0159e d\u00edt\u011b ned\u00e1vat do \u0161kolky. Pr\u00e1v\u011b ve \u0161kolce si d\u00edt\u011b m\u016f\u017ee zvyknout na d\u011bti, se kter\u00fdmi pot\u00e9 bude chodit do \u0161koly a t\u00edm p\u00e1dem se mu bude ve \u0161kole alespo\u0148 ze za\u010d\u00e1tku dob\u0159e fungovat, jeliko\u017e zde bude m\u00edt n\u011bkoho, koho u\u017e n\u011bkdy vid\u011bl a s\u00a0k\u00fdm se bavil.Spole\u010dnost m\u016f\u017ee ovlivnit mnoh\u00e9. Bohu\u017eel mnohdy k\u00a0hor\u0161\u00edmu, ne\u017e k\u00a0lep\u0161\u00edmu. Pokud zjist\u00edte, \u017ee se va\u0161emu d\u00edt\u011bti n\u011bkdo posm\u00edv\u00e1 nebo jej \u0161ikanuje, m\u011bli byste s\u00a0t\u00edm n\u011bco d\u011blat. M\u016f\u017eete zkusit zaj\u00edt do \u0161koly a domluvit u\u010ditelk\u00e1m, aby d\u00edt\u011b pohl\u00eddaly, nebo se spojit p\u0159\u00edmo s\u00a0rodi\u010di d\u00edt\u011bte a zkusit se o tom s\u00a0nimi pobavit. Nikdo r\u00e1d nesly\u0161\u00ed, \u017ee jeho d\u00edt\u011b n\u011bkoho \u0161ikanuje, tak\u017ee rozhodn\u011b nem\u011bjte obavy, \u017ee by s\u00a0t\u00edm dan\u00ed rodi\u010de nic neud\u011blali. Jist\u011b ud\u011blaj\u00ed.V\u0161e se d\u00e1 n\u011bjak\u00fdm zp\u016fsobem vy\u0159e\u0161it, ale je jasn\u00e9, \u017ee va\u0161e d\u00edt\u011b u\u017e nikdy nebude takov\u00e9, jako p\u0159edt\u00edm, proto\u017ee z\u00edsk\u00e1 negativn\u00ed zku\u0161enost, kter\u00e1 jej ovlivn\u00ed. Bohu\u017eel je mnoho v\u011bc\u00ed, kter\u00e9 mohou ovlivnit nejen na\u0161e, ale i d\u011btsk\u00e9 my\u0161len\u00ed. Na n\u00e1s je, abychom s\u00a0na\u0161imi d\u011btmi mluvili a podporovali je. Jen tak jim m\u016f\u017eeme pomoci.                                                                                                                                                                                                                                                                                                                                                                                        4.1\/5 - (8 votes)        "},{"@context":"https:\/\/schema.org\/","@type":"BreadcrumbList","itemListElement":[{"@type":"ListItem","position":1,"name":"Spole\u010dnost, ve kter\u00e9 se d\u011bti pohybuj\u00ed, m\u00e1 na n\u011b vliv","item":"https:\/\/www.travena.cz\/spolecnost-ve-ktere-se-deti-pohybuji-ma-na-ne-vliv\/#breadcrumbitem"}]}]