{"@context":"https:\/\/schema.org\/","@type":"CollectionPage","@id":"https:\/\/www.travena.cz\/spolecnost\/#CollectionPage","headline":"Spole\u010dnost Category","description":"","url":"https:\/\/www.travena.cz\/spolecnost\/","hasPart":[{"@type":"Article","@id":"https:\/\/www.travena.cz\/pribehy-lidi-kteri-zemreli-opravdu-desivym-zpusobem\/","headline":"P\u0159\u00edb\u011bhy lid\u00ed, kte\u0159\u00ed zem\u0159eli opravdu d\u011bsiv\u00fdm zp\u016fsobem","url":"https:\/\/www.travena.cz\/pribehy-lidi-kteri-zemreli-opravdu-desivym-zpusobem\/","datePublished":"2022-05-04","dateModified":"2023-06-06","mainEntityOfPage":"https:\/\/www.travena.cz\/pribehy-lidi-kteri-zemreli-opravdu-desivym-zpusobem\/","author":{"@type":"Person","@id":"https:\/\/www.travena.cz\/author\/#Person","name":"","url":"https:\/\/www.travena.cz\/author\/","identifier":1,"image":{"@type":"ImageObject","@id":"https:\/\/secure.gravatar.com\/avatar\/591310831c6f562dead2685065c7bfb166baf64da6e0332ad9d0a2e9c6c14446?s=96&d=mm&r=g","url":"https:\/\/secure.gravatar.com\/avatar\/591310831c6f562dead2685065c7bfb166baf64da6e0332ad9d0a2e9c6c14446?s=96&d=mm&r=g","height":96,"width":96}},"publisher":{"@type":"Organization","name":"travena.cz","logo":{"@type":"ImageObject","@id":"\/logo.png","url":"\/logo.png","width":600,"height":60}},"image":{"@type":"ImageObject","@id":"https:\/\/www.travena.cz\/wp-content\/uploads\/pexels-kateryna-babaieva-3736103.jpg","url":"https:\/\/www.travena.cz\/wp-content\/uploads\/pexels-kateryna-babaieva-3736103.jpg","height":0,"width":0},"keywords":null},{"@type":"Article","@id":"https:\/\/www.travena.cz\/spolecnost-ve-ktere-se-deti-pohybuji-ma-na-ne-vliv\/","headline":"Spole\u010dnost, ve kter\u00e9 se d\u011bti pohybuj\u00ed, m\u00e1 na n\u011b vliv","url":"https:\/\/www.travena.cz\/spolecnost-ve-ktere-se-deti-pohybuji-ma-na-ne-vliv\/","datePublished":"2022-03-17","dateModified":"2023-06-06","mainEntityOfPage":"https:\/\/www.travena.cz\/spolecnost-ve-ktere-se-deti-pohybuji-ma-na-ne-vliv\/","author":{"@type":"Person","@id":"https:\/\/www.travena.cz\/author\/#Person","name":"","url":"https:\/\/www.travena.cz\/author\/","identifier":1,"image":{"@type":"ImageObject","@id":"https:\/\/secure.gravatar.com\/avatar\/591310831c6f562dead2685065c7bfb166baf64da6e0332ad9d0a2e9c6c14446?s=96&d=mm&r=g","url":"https:\/\/secure.gravatar.com\/avatar\/591310831c6f562dead2685065c7bfb166baf64da6e0332ad9d0a2e9c6c14446?s=96&d=mm&r=g","height":96,"width":96}},"publisher":{"@type":"Organization","name":"travena.cz","logo":{"@type":"ImageObject","@id":"\/logo.png","url":"\/logo.png","width":600,"height":60}},"image":{"@type":"ImageObject","@id":"https:\/\/www.travena.cz\/wp-content\/uploads\/mal%C3%A9%20d%C3%ADt%C4%9B.JPG","url":"https:\/\/www.travena.cz\/wp-content\/uploads\/mal%C3%A9%20d%C3%ADt%C4%9B.JPG","height":0,"width":0},"keywords":null},{"@type":"Article","@id":"https:\/\/www.travena.cz\/zajimava-spolecnost\/","headline":"Zaj\u00edmav\u00e1 spole\u010dnost","url":"https:\/\/www.travena.cz\/zajimava-spolecnost\/","datePublished":"2021-12-13","dateModified":"2023-06-06","mainEntityOfPage":"https:\/\/www.travena.cz\/zajimava-spolecnost\/","author":{"@type":"Person","@id":"https:\/\/www.travena.cz\/author\/#Person","name":"","url":"https:\/\/www.travena.cz\/author\/","identifier":1,"image":{"@type":"ImageObject","@id":"https:\/\/secure.gravatar.com\/avatar\/591310831c6f562dead2685065c7bfb166baf64da6e0332ad9d0a2e9c6c14446?s=96&d=mm&r=g","url":"https:\/\/secure.gravatar.com\/avatar\/591310831c6f562dead2685065c7bfb166baf64da6e0332ad9d0a2e9c6c14446?s=96&d=mm&r=g","height":96,"width":96}},"publisher":{"@type":"Organization","name":"travena.cz","logo":{"@type":"ImageObject","@id":"\/logo.png","url":"\/logo.png","width":600,"height":60}},"image":{"@type":"ImageObject","@id":"https:\/\/www.travena.cz\/wp-content\/uploads\/student-849825_640_7.jpg","url":"https:\/\/www.travena.cz\/wp-content\/uploads\/student-849825_640_7.jpg","height":0,"width":0},"keywords":null},{"@type":"Article","@id":"https:\/\/www.travena.cz\/clovek-a-spolecnost\/","headline":"\u010clov\u011bk a spole\u010dnost","url":"https:\/\/www.travena.cz\/clovek-a-spolecnost\/","datePublished":"2019-10-10","dateModified":"2023-06-06","mainEntityOfPage":"https:\/\/www.travena.cz\/clovek-a-spolecnost\/","author":{"@type":"Person","@id":"https:\/\/www.travena.cz\/author\/#Person","name":"","url":"https:\/\/www.travena.cz\/author\/","identifier":1,"image":{"@type":"ImageObject","@id":"https:\/\/secure.gravatar.com\/avatar\/591310831c6f562dead2685065c7bfb166baf64da6e0332ad9d0a2e9c6c14446?s=96&d=mm&r=g","url":"https:\/\/secure.gravatar.com\/avatar\/591310831c6f562dead2685065c7bfb166baf64da6e0332ad9d0a2e9c6c14446?s=96&d=mm&r=g","height":96,"width":96}},"publisher":{"@type":"Organization","name":"travena.cz","logo":{"@type":"ImageObject","@id":"\/logo.png","url":"\/logo.png","width":600,"height":60}},"image":{"@type":"ImageObject","@id":"https:\/\/www.travena.cz\/wp-content\/uploads\/img_a357929_w3884_t1572268347.jpg","url":"https:\/\/www.travena.cz\/wp-content\/uploads\/img_a357929_w3884_t1572268347.jpg","height":0,"width":0},"keywords":null}]}