[{"@context":"https:\/\/schema.org\/","@type":"Article","@id":"https:\/\/www.travena.cz\/vitaminy-a-mineraly-jsou-dulezite\/#Article","mainEntityOfPage":"https:\/\/www.travena.cz\/vitaminy-a-mineraly-jsou-dulezite\/","headline":"Vitam\u00edny a miner\u00e1ly jsou d\u016fle\u017eit\u00e9!","name":"Vitam\u00edny a miner\u00e1ly jsou d\u016fle\u017eit\u00e9!","description":"Na\u0161e t\u011blo pot\u0159ebuje denn\u011b celou \u0159adu vitam\u00edn\u016f a miner\u00e1l\u016f. Nejl\u00e9pe je samoz\u0159ejm\u011b, pokud je dost\u00e1v\u00e1me do t\u011bla p\u0159irozen\u011b se stravou. Pokud ve strav\u011b p\u0159ij\u00edm\u00e1me t\u011bchto u\u017eite\u010dn\u00fdch l\u00e1tek m\u00e1lo, je dobr\u00e9... <a href=\"https:\/\/www.travena.cz\/vitaminy-a-mineraly-jsou-dulezite\/\">P\u0159e\u010d\u00edst<\/a>","datePublished":"2024-12-17","dateModified":"2024-12-17","author":{"@type":"Person","@id":"https:\/\/www.travena.cz\/author\/#Person","name":"","url":"https:\/\/www.travena.cz\/author\/","identifier":1,"image":{"@type":"ImageObject","@id":"https:\/\/secure.gravatar.com\/avatar\/591310831c6f562dead2685065c7bfb166baf64da6e0332ad9d0a2e9c6c14446?s=96&d=mm&r=g","url":"https:\/\/secure.gravatar.com\/avatar\/591310831c6f562dead2685065c7bfb166baf64da6e0332ad9d0a2e9c6c14446?s=96&d=mm&r=g","height":96,"width":96}},"publisher":{"@type":"Organization","name":"travena.cz","logo":{"@type":"ImageObject","@id":"\/logo.png","url":"\/logo.png","width":600,"height":60}},"url":"https:\/\/www.travena.cz\/vitaminy-a-mineraly-jsou-dulezite\/","wordCount":193,"articleBody":"Na\u0161e t\u011blo pot\u0159ebuje denn\u011b celou \u0159adu vitam\u00edn\u016f a miner\u00e1l\u016f. Nejl\u00e9pe je samoz\u0159ejm\u011b, pokud je dost\u00e1v\u00e1me do t\u011bla p\u0159irozen\u011b se stravou. Pokud ve strav\u011b p\u0159ij\u00edm\u00e1me t\u011bchto u\u017eite\u010dn\u00fdch l\u00e1tek m\u00e1lo, je dobr\u00e9 si uv\u011bdomit, \u017ee stoj\u00ed za to naj\u00edt si dopl\u0148ky v\u00fd\u017eivy tak, aby n\u00e1m nic nechyb\u011blo. Nejv\u011bt\u0161\u00ed probl\u00e9m je to p\u0159i redukci v\u00e1hy. Pokud toti\u017e omez\u00edme p\u0159\u00edjem n\u011bkter\u00fdch typ\u016f potravin zcela neodborn\u011b, m\u016f\u017ee n\u00e1m n\u011bco v organismu chyb\u011bt. Proto se mi l\u00edb\u00ed p\u0159\u00edstup ketogenn\u00ed diety, kter\u00e1 je vyr\u00e1b\u011bna v\u00fdrobci, kte\u0159\u00ed dbaj\u00ed na to, aby jejich pokrmy byly nejen pln\u00e9 b\u00edlkovin, ale tak\u00e9 pln\u00e9 v\u0161ech vitam\u00edn\u016f a miner\u00e1l\u016f, kter\u00e9 n\u00e1\u0161 organismus pot\u0159ebuje. Vyberte si spr\u00e1vn\u011b! Nev\u00edte, kterou si vybrat pr\u00e1v\u011b pro V\u00e1\u0161 syst\u00e9m? Doporu\u010d\u00edm V\u00e1m rozhodn\u011b tu firmu, kter\u00e1 opravdu nab\u00edz\u00ed \u0161irokou paletu j\u00eddel a krom\u011b toho k jejich produkt\u016fm z\u00edsk\u00e1te i \u0159adu recept\u016f.                                                                                                                                                                                                                                                                                                                                                                                        5\/5 - (2 votes)        "},{"@context":"https:\/\/schema.org\/","@type":"BreadcrumbList","itemListElement":[{"@type":"ListItem","position":1,"name":"Vitam\u00edny a miner\u00e1ly jsou d\u016fle\u017eit\u00e9!","item":"https:\/\/www.travena.cz\/vitaminy-a-mineraly-jsou-dulezite\/#breadcrumbitem"}]}]