[{"@context":"https:\/\/schema.org\/","@type":"Article","@id":"https:\/\/www.travena.cz\/zahrada-zije-svym-zivotem-i-v-zime\/#Article","mainEntityOfPage":"https:\/\/www.travena.cz\/zahrada-zije-svym-zivotem-i-v-zime\/","headline":"Zahrada \u017eije sv\u00fdm \u017eivotem i v zim\u011b","name":"Zahrada \u017eije sv\u00fdm \u017eivotem i v zim\u011b","description":"Sta\u010d\u00ed ud\u011blat jenom p\u00e1r krok\u016f a z korun strom\u016f, ke\u0159\u016f a \u017eiv\u00fdch plot\u016f se polekan\u011b vznesou mal\u00ed n\u00e1v\u0161t\u011bvn\u00edci, kte\u0159\u00ed ne\u00fanavn\u011b a d\u016fsledn\u011b hledaj\u00ed n\u011bco k sn\u011bdku. Nej\u010dast\u011bji jde o v\u0161udyp\u0159\u00edtomn\u00e9... <a href=\"https:\/\/www.travena.cz\/zahrada-zije-svym-zivotem-i-v-zime\/\">P\u0159e\u010d\u00edst<\/a>","datePublished":"2018-10-18","dateModified":"2023-06-06","author":{"@type":"Person","@id":"https:\/\/www.travena.cz\/author\/#Person","name":"","url":"https:\/\/www.travena.cz\/author\/","identifier":1,"image":{"@type":"ImageObject","@id":"https:\/\/secure.gravatar.com\/avatar\/591310831c6f562dead2685065c7bfb166baf64da6e0332ad9d0a2e9c6c14446?s=96&d=mm&r=g","url":"https:\/\/secure.gravatar.com\/avatar\/591310831c6f562dead2685065c7bfb166baf64da6e0332ad9d0a2e9c6c14446?s=96&d=mm&r=g","height":96,"width":96}},"publisher":{"@type":"Organization","name":"travena.cz","logo":{"@type":"ImageObject","@id":"\/logo.png","url":"\/logo.png","width":600,"height":60}},"image":{"@type":"ImageObject","@id":"https:\/\/www.travena.cz\/wp-content\/uploads\/img_a332294_w2366_t1545133875.jpg","url":"https:\/\/www.travena.cz\/wp-content\/uploads\/img_a332294_w2366_t1545133875.jpg","height":0,"width":0},"url":"https:\/\/www.travena.cz\/zahrada-zije-svym-zivotem-i-v-zime\/","about":["D\u016fm"],"wordCount":449,"articleBody":"Sta\u010d\u00ed ud\u011blat jenom p\u00e1r krok\u016f a z korun strom\u016f, ke\u0159\u016f a \u017eiv\u00fdch plot\u016f se polekan\u011b vznesou mal\u00ed n\u00e1v\u0161t\u011bvn\u00edci, kte\u0159\u00ed ne\u00fanavn\u011b a d\u016fsledn\u011b hledaj\u00ed n\u011bco k sn\u011bdku.Nej\u010dast\u011bji jde o v\u0161udyp\u0159\u00edtomn\u00e9 vrabce a hned za nimi vedou s\u00fdkorky s p\u011bnkavami. \u010cast\u00fdm hostem zahrad b\u00fdv\u00e1 tak\u00e9 strakapoud velk\u00fd, kter\u00fd pat\u0159\u00ed k t\u011bm m\u00e9n\u011b plach\u00fdmz\u00e1stupc\u016fm sv\u00e9ho druhu.&nbsp;V\u0161em t\u011bmto z\u00e1stupc\u016fm pta\u010d\u00ed \u0159\u00ed\u0161e jde o jedin\u00e9. Zajistit denn\u00ed d\u00e1vku potravy pot\u0159ebn\u00e9 k p\u0159e\u017eit\u00ed. Proto je tak \u010dasto spat\u0159ujeme v bl\u00edzkosti lidsk\u00fdch obydl\u00ed, park\u016f a zahrad. Tam toti\u017e je\u0161t\u011b st\u00e1le mohou nal\u00e9zt z\u00e1soby energie v podob\u011b bobul\u00ed, nebo nesklizen\u00fdch jablek.&nbsp;Pokud jim chcete tento dennodenn\u00ed boj o p\u0159e\u017eit\u00ed uleh\u010dit, po\u0159i\u010fte jim krm\u00edtko. Je u\u017e jenom na v\u00e1s, zda ho vyrob\u00edte za p\u00e1r minut z toho, co najdete v d\u00edln\u011b, nebo ho zakoup\u00edte ji\u017e zhotoven\u00e9.D\u016fle\u017eit\u00e1 je toti\u017e hlavn\u011b poloha jeho um\u00edst\u011bn\u00ed. Je pravdou, \u017ee pt\u00e1ci v zim\u011b v d\u016fsledku vidiny z\u00edsk\u00e1n\u00ed potravy p\u0159ekonaj\u00ed z \u010d\u00e1sti svoji plachost a tak klidn\u011b dosedaj\u00ed zobat i na okenn\u00ed parapety, ale vlastn\u00edk\u016fm zahrady se doporu\u010duje um\u00edstit krm\u00edtko pr\u00e1v\u011b tam. &bdquo;Str\u00e1vn\u00edci&ldquo;tam toti\u017e budou m\u00edt v\u00edce klidu a bezpe\u010d\u00ed. Jen je t\u0159eba po\u010d\u00edtat s t\u00edm, \u017ee krm\u00edtka r\u00e1dy ob\u010das nav\u0161t\u011bvuj\u00ed ko\u010dky, tak\u017ee je dobr\u00e9 pop\u0159em\u00fd\u0161let jak ho um\u00edstit, aby nezvan\u00fd host nem\u011bl \u0161anci.&nbsp;&nbsp;&nbsp;&nbsp;Pak u\u017e nezb\u00fdv\u00e1 nic jin\u00e9ho, ne\u017e pravideln\u00e9 dopl\u0148ov\u00e1n\u00ed z\u00e1sypu. K zimn\u00edmu p\u0159ikrmov\u00e1n\u00ed se hod\u00ed pro v\u011bt\u0161inu druh\u016f pt\u00e1k\u016f olejnat\u00e1 semena, l\u016fj, nebo syrov\u00e9 s\u00e1dlo, proto\u017ee v\u0161e obsahuje spoustu energie. Vhodn\u00e1 je nap\u0159\u00edklad i strouhanka, nebo hrub\u011b nadrcen\u00e9 such\u00e9 pe\u010divo.Pt\u00e1ci nepohrdnou ani m\u00e1kem, jablkem, \u010di o\u0159echy.&nbsp;V \u017e\u00e1dn\u00e9m p\u0159\u00edpad\u011b do krm\u00edtek nepat\u0159\u00ed plesniv\u00e9, nebo \u010derstv\u00e9 pe\u010divo, r\u00fd\u017ee, t\u011bstoviny a jak\u00e9koliv sladk\u00e9, nebo slan\u00e9 potraviny. &nbsp;&nbsp; &nbsp;Pokud si budete po\u010d\u00ednat p\u0159i zakrmov\u00e1n\u00ed spr\u00e1vn\u011b, odm\u011bnou v\u00e1m bude pohled na radostn\u011b se ha\u0161te\u0159\u00edc\u00ed hejna pt\u00e1\u010dk\u016f p\u0159i hodov\u00e1n\u00ed a v\u011bdom\u00ed, \u017ee jim pom\u016f\u017eete l\u00e9pe p\u0159e\u017e\u00edt zimu a budou m\u00edt dost sil k jarn\u00edmu zahn\u00edzd\u011bn\u00ed.                                                                                                                                                                                                                                                                                                                                                                                        4\/5 - (15 votes)        "},{"@context":"https:\/\/schema.org\/","@type":"BreadcrumbList","itemListElement":[{"@type":"ListItem","position":1,"name":"Zahrada \u017eije sv\u00fdm \u017eivotem i v zim\u011b","item":"https:\/\/www.travena.cz\/zahrada-zije-svym-zivotem-i-v-zime\/#breadcrumbitem"}]}]